{"id":25174,"date":"2020-06-11T07:36:54","date_gmt":"2020-06-11T11:36:54","guid":{"rendered":"https:\/\/www.radioamigavallenar.cl\/?p=25174"},"modified":"2020-06-11T07:36:55","modified_gmt":"2020-06-11T11:36:55","slug":"sernameg-inicia-inscripciones-online-del-programa-mujer-sexualidad-y-maternidad","status":"publish","type":"post","link":"https:\/\/www.radioamigavallenar.cl\/?p=25174","title":{"rendered":"SernamEG inicia inscripciones online del Programa Mujer, Sexualidad y Maternidad"},"content":{"rendered":"\n<div class=\"wp-block-image\"><figure class=\"aligncenter size-large\"><img loading=\"lazy\" decoding=\"async\" width=\"750\" height=\"400\" src=\"https:\/\/www.radioamigavallenar.cl\/wp-content\/uploads\/2020\/06\/talleres_general_online.jpg\" alt=\"\" class=\"wp-image-25175\" srcset=\"https:\/\/www.radioamigavallenar.cl\/wp-content\/uploads\/2020\/06\/talleres_general_online.jpg 750w, https:\/\/www.radioamigavallenar.cl\/wp-content\/uploads\/2020\/06\/talleres_general_online-300x160.jpg 300w\" sizes=\"auto, (max-width: 750px) 100vw, 750px\" \/><\/figure><\/div>\n\n\n\n<p><strong>El programa se ejecuta en las comunas de Vallenar y Copiap\u00f3, ejecutado por las respectivas municipalidades y esta dirigido a j\u00f3venes de 14 a 19 a\u00f1os, embarazadas, madres adolescentes y Mujeres de 20 y m\u00e1s a\u00f1os.<\/strong><\/p>\n\n\n\n<p>El Servicio Nacional de la Mujer y la Equidad de G\u00e9nero, ha iniciado el proceso de inscripci\u00f3n para ser parte de los talleres que realizar\u00e1 el programa Mujer, Sexualidad y Maternidad en nuestra regi\u00f3n, a trav\u00e9s de la p\u00e1gina de nuestro servicio&nbsp;<a href=\"http:\/\/www.sernameg.gob.cl\/\">www.sernameg.gob.cl<\/a>. El programa implementar\u00e1 talleres por videoconferencia y est\u00e1n dirigidas a las mujeres y j\u00f3venes de las comunas de Vallenar y Copiap\u00f3.<\/p>\n\n\n\n<p>Al respecto, la Directora Regional del SernamEG Camila Tapia Morales, se\u00f1alo \u201cEn el verano comenzamos los procesos de difusi\u00f3n e inscripci\u00f3n al programa Mujer, Sexualidad y Maternidad en las comunas de Vallenar y Copiap\u00f3, proceso que quedo detenido producto de la pandemia provocada por el Covid-19 que afecta a nuestro pa\u00eds y las medidas sanitarias tomadas por el Gobierno de nuestro Presidente Sebasti\u00e1n Pi\u00f1era. Por ese motivo, hemos relanzado nuevamente este proceso de inscripci\u00f3n, con una nueva estrategia, una nueva forma de trabajo, que es la realizaci\u00f3n de talleres en l\u00ednea. Talleres que est\u00e1n dirigidos a j\u00f3venes de 14 a 19 a\u00f1os, mujeres de 20 a 49 a\u00f1os y mujeres de 50&nbsp; a\u00f1os y m\u00e1s. Adem\u00e1s, de contar con las atenciones personalizadas para embarazadas y madres adolescentes de 14 a 19 a\u00f1os\u201d.<\/p>\n\n\n\n<p>Los temas que se considerar\u00e1n en estos talleres son: g\u00e9nero, sexualidad, maternidad, autocuidado, toma de decisiones, prevenci\u00f3n en salud integral, empoderamiento, autoestima, autocuidado, corresponsabilidad, redes de apoyo y proyecto de vida, entre otros.<\/p>\n\n\n\n<p>\u201cHacemos el llamado a inscribirse en nuestra p\u00e1gina&nbsp;<a href=\"http:\/\/www.sernameg.gob.cl\/\">www.sernameg.gob.cl<\/a>&nbsp;y ser parte de estos talleres. Para dudas y consultas pueden comunicarse con nuestro equipo de la comuna de Vallenar al correo&nbsp;<a href=\"mailto:mujersexualidadmaternidad@gmail.com\">mujersexualidadmaternidad@gmail.com<\/a>&nbsp;y con el equipo de Copiap\u00f3 al correo&nbsp;<a href=\"mailto:pmujersexualidadymaternidad@gmail.com\">pmujersexualidadymaternidad@gmail.com<\/a>\u201d, agreg\u00f3 la Directora Regional de SernamEG<\/p>\n\n\n\n<p>Adem\u00e1s, que puedes solicitar informaci\u00f3n en nuestras redes sociales del SernamEG, Facebook y Twitter, SernamEG Atacama.<\/p>\n","protected":false},"excerpt":{"rendered":"<p>El programa se ejecuta en las comunas de Vallenar y Copiap\u00f3, ejecutado por las respectivas municipalidades y esta dirigido a j\u00f3venes de 14 a 19&hellip; <\/p>\n","protected":false},"author":2,"featured_media":25175,"comment_status":"open","ping_status":"closed","sticky":false,"template":"","format":"standard","meta":{"footnotes":""},"categories":[7,1,2],"tags":[],"class_list":["post-25174","post","type-post","status-publish","format-standard","has-post-thumbnail","hentry","category-atacama","category-provincia-del-huasco-2","category-vallenar"],"_links":{"self":[{"href":"https:\/\/www.radioamigavallenar.cl\/index.php?rest_route=\/wp\/v2\/posts\/25174","targetHints":{"allow":["GET"]}}],"collection":[{"href":"https:\/\/www.radioamigavallenar.cl\/index.php?rest_route=\/wp\/v2\/posts"}],"about":[{"href":"https:\/\/www.radioamigavallenar.cl\/index.php?rest_route=\/wp\/v2\/types\/post"}],"author":[{"embeddable":true,"href":"https:\/\/www.radioamigavallenar.cl\/index.php?rest_route=\/wp\/v2\/users\/2"}],"replies":[{"embeddable":true,"href":"https:\/\/www.radioamigavallenar.cl\/index.php?rest_route=%2Fwp%2Fv2%2Fcomments&post=25174"}],"version-history":[{"count":0,"href":"https:\/\/www.radioamigavallenar.cl\/index.php?rest_route=\/wp\/v2\/posts\/25174\/revisions"}],"wp:featuredmedia":[{"embeddable":true,"href":"https:\/\/www.radioamigavallenar.cl\/index.php?rest_route=\/wp\/v2\/media\/25175"}],"wp:attachment":[{"href":"https:\/\/www.radioamigavallenar.cl\/index.php?rest_route=%2Fwp%2Fv2%2Fmedia&parent=25174"}],"wp:term":[{"taxonomy":"category","embeddable":true,"href":"https:\/\/www.radioamigavallenar.cl\/index.php?rest_route=%2Fwp%2Fv2%2Fcategories&post=25174"},{"taxonomy":"post_tag","embeddable":true,"href":"https:\/\/www.radioamigavallenar.cl\/index.php?rest_route=%2Fwp%2Fv2%2Ftags&post=25174"}],"curies":[{"name":"wp","href":"https:\/\/api.w.org\/{rel}","templated":true}]}}