{"id":25171,"date":"2020-06-11T07:35:31","date_gmt":"2020-06-11T11:35:31","guid":{"rendered":"https:\/\/www.radioamigavallenar.cl\/?p=25171"},"modified":"2020-06-11T07:35:32","modified_gmt":"2020-06-11T11:35:32","slug":"destacan-labor-de-cesfam-a-traves-de-dirigentes-vecinales-en-la-comuna-de-freirina","status":"publish","type":"post","link":"https:\/\/www.radioamigavallenar.cl\/?p=25171","title":{"rendered":"Destacan labor de cesfam a trav\u00e9s de dirigentes vecinales en la comuna de Freirina"},"content":{"rendered":"\n<div class=\"wp-block-image\"><figure class=\"aligncenter size-large\"><img loading=\"lazy\" decoding=\"async\" width=\"750\" height=\"400\" src=\"https:\/\/www.radioamigavallenar.cl\/wp-content\/uploads\/2020\/06\/destacan-labor-del-cesfam-de-freirina.jpg\" alt=\"\" class=\"wp-image-25172\" srcset=\"https:\/\/www.radioamigavallenar.cl\/wp-content\/uploads\/2020\/06\/destacan-labor-del-cesfam-de-freirina.jpg 750w, https:\/\/www.radioamigavallenar.cl\/wp-content\/uploads\/2020\/06\/destacan-labor-del-cesfam-de-freirina-300x160.jpg 300w\" sizes=\"auto, (max-width: 750px) 100vw, 750px\" \/><\/figure><\/div>\n\n\n\n<p><strong>Uni\u00f3n Comunal de Juntas de Vecinos de Freirina se reuni\u00f3 con Cesfam para analizar protocolos de acci\u00f3n en el marco de la emergencia sanitaria.<\/strong><\/p>\n\n\n\n<p>Una valiosa reuni\u00f3n sostuvo la Uni\u00f3n Comunal de Juntas de Vecinos de Freirina con el Director del Cesfam Gonzalo Opazo, el Jefe del Departamento Salud Municipal Guillermo Altamirano y el Alcalde Cesar Orellana, con el fin de coordinar aspectos comunitarios en relaci\u00f3n a la emergencia sanitaria que afecta a la comunidad por estos d\u00edas.<\/p>\n\n\n\n<p>Al respecto Libby Osorio, presidenta de la Uni\u00f3n Comunal sostuvo que el encuentro obedece a un trabajo constante con el Municipio y el equipo de salud, donde \u201cLa Uni\u00f3n Comunal est\u00e1 constantemente recogiendo las inquietudes de los dirigentes y b\u00e1sicamente lo que buscamos es saber y tener informaci\u00f3n, pero despu\u00e9s de esta reuni\u00f3n qued\u00f3 claro que la informaci\u00f3n es confidencial, y no por antojo sino por ley, por protecci\u00f3n a la personas\u201d, sostuvo, aclarando dudas respecto de los canales de informaci\u00f3n.<\/p>\n\n\n\n<p>Por su parte el Director Gonzalo Opazo explic\u00f3 que este tipo de reuniones cobran mayor relevancia en en el marco de la emergencia sanitaria, \u201cdonde la comunicaci\u00f3n es fundamental para mantener la tranquilidad y la seguridad de que el trabajo por parte de los equipos de salud se est\u00e1 realizando a cabalidad y con una mirada comunitaria, de protecci\u00f3n hacia nuestros vecinos y adem\u00e1s que nos permita la optimizaci\u00f3n de nuestros recursos\u201d, dijo.<\/p>\n\n\n\n<p>En tanto el Alcalde Orellana se\u00f1al\u00f3 que \u201csiempre es buenos hacer este ejercicio de reunirse con los dirigentes vecinales. Yo destaco este trabajo mancomunado que no es de ahora, sino de siempre, y desde que empez\u00f3 esta pandemia, hemos ido elaborando en conjunto con la comunidad una serie de estrategias, que nos brinden mayor protecci\u00f3n ante el virus del covid-19\u201d.<\/p>\n\n\n\n<p>Finalmente desde la Uni\u00f3n Cominal indicaron que est\u00e1n participando de la Mesa Social de Atacama convocada por el Colegio M\u00e9dico, donde \u201clos tres pilares de acci\u00f3n que propone la Mesa ya la estamos desde hace rato implementando en Freirina\u201d, mencionar que ellos presentaron al Gobierno de Atacama un programa con tres puntos estrat\u00e9gicos, que afortunadamente ya se aplican en la comuna.<\/p>\n\n\n\n<p>En la reuni\u00f3n se abordaron aspectos importantes como la salud mental de la poblaci\u00f3n, donde el Alcalde indic\u00f3 que \u201crecogemos todas las inquietudes de nuestros vecinos, nos hacemos cargo\u201d, mientras que desde el Cesfam indicaron que estan estudiando alternativas locales, revisando tambi\u00e9n este tema muy importante para los vecinos y vecinas de Freirina.<\/p>\n","protected":false},"excerpt":{"rendered":"<p>Uni\u00f3n Comunal de Juntas de Vecinos de Freirina se reuni\u00f3 con Cesfam para analizar protocolos de acci\u00f3n en el marco de la emergencia sanitaria. Una&hellip; <\/p>\n","protected":false},"author":2,"featured_media":25172,"comment_status":"open","ping_status":"closed","sticky":false,"template":"","format":"standard","meta":{"footnotes":""},"categories":[3,1],"tags":[],"class_list":["post-25171","post","type-post","status-publish","format-standard","has-post-thumbnail","hentry","category-freirina","category-provincia-del-huasco-2"],"_links":{"self":[{"href":"https:\/\/www.radioamigavallenar.cl\/index.php?rest_route=\/wp\/v2\/posts\/25171","targetHints":{"allow":["GET"]}}],"collection":[{"href":"https:\/\/www.radioamigavallenar.cl\/index.php?rest_route=\/wp\/v2\/posts"}],"about":[{"href":"https:\/\/www.radioamigavallenar.cl\/index.php?rest_route=\/wp\/v2\/types\/post"}],"author":[{"embeddable":true,"href":"https:\/\/www.radioamigavallenar.cl\/index.php?rest_route=\/wp\/v2\/users\/2"}],"replies":[{"embeddable":true,"href":"https:\/\/www.radioamigavallenar.cl\/index.php?rest_route=%2Fwp%2Fv2%2Fcomments&post=25171"}],"version-history":[{"count":0,"href":"https:\/\/www.radioamigavallenar.cl\/index.php?rest_route=\/wp\/v2\/posts\/25171\/revisions"}],"wp:featuredmedia":[{"embeddable":true,"href":"https:\/\/www.radioamigavallenar.cl\/index.php?rest_route=\/wp\/v2\/media\/25172"}],"wp:attachment":[{"href":"https:\/\/www.radioamigavallenar.cl\/index.php?rest_route=%2Fwp%2Fv2%2Fmedia&parent=25171"}],"wp:term":[{"taxonomy":"category","embeddable":true,"href":"https:\/\/www.radioamigavallenar.cl\/index.php?rest_route=%2Fwp%2Fv2%2Fcategories&post=25171"},{"taxonomy":"post_tag","embeddable":true,"href":"https:\/\/www.radioamigavallenar.cl\/index.php?rest_route=%2Fwp%2Fv2%2Ftags&post=25171"}],"curies":[{"name":"wp","href":"https:\/\/api.w.org\/{rel}","templated":true}]}}