{"id":2512,"date":"2016-10-03T13:17:52","date_gmt":"2016-10-03T16:17:52","guid":{"rendered":"http:\/\/www.radioamigavallenar.cl\/?p=2512"},"modified":"2016-10-03T13:17:52","modified_gmt":"2016-10-03T16:17:52","slug":"freirina-ya-prepara-actividades-para-celebrar-el-mes-de-aniversario","status":"publish","type":"post","link":"https:\/\/www.radioamigavallenar.cl\/?p=2512","title":{"rendered":"Freirina ya prepara actividades para celebrar el mes de aniversario"},"content":{"rendered":"<p style=\"text-align: justify;\"><a href=\"http:\/\/www.radioamigavallenar.cl\/wp-content\/uploads\/2016\/10\/aniversario.jpg\"><img loading=\"lazy\" decoding=\"async\" class=\" size-medium wp-image-2515 aligncenter\" src=\"http:\/\/www.radioamigavallenar.cl\/wp-content\/uploads\/2016\/10\/aniversario-212x300.jpg\" alt=\"aniversario\" width=\"212\" height=\"300\" srcset=\"https:\/\/www.radioamigavallenar.cl\/wp-content\/uploads\/2016\/10\/aniversario-212x300.jpg 212w, https:\/\/www.radioamigavallenar.cl\/wp-content\/uploads\/2016\/10\/aniversario.jpg 495w\" sizes=\"auto, (max-width: 212px) 100vw, 212px\" \/><\/a><\/p>\n<p style=\"text-align: justify;\">El alcalde subrogante de la \u201cCapital Regional del Patrimonio Cultural\u201d, Luciano Osorio Barrios, se\u00f1al\u00f3 que durante estos d\u00edas, se ha reunido con parte del equipo municipal para ir trabajando las diversas actividades que acompa\u00f1ar\u00e1n todo el mes \u201cestamos trabajando de manera coordinada con diversos departamentos del municipio para ir dando forma a lo que ser\u00e1 este aniversario n\u00famero 264, para ello pretendemos tener actividades todos los fines de semana del mes, tratando de optimizar al m\u00e1ximo los recursos, ya que muchos de las actividades que hemos presentado durante esta gesti\u00f3n, han sido fruto de la voluntad y el entusiasmo\u201d. Se\u00f1al\u00f3 el Alcalde.<\/p>\n<p style=\"text-align: justify;\">Para este a\u00f1o, se realizar\u00e1n una serie de actividades t\u00edpicas, como la elecci\u00f3n de reina, carros aleg\u00f3ricos, la popular noche colonial y otras que llevan pocos a\u00f1os y que ya se han convertido en todo un \u00e9xito cada vez que se realizan, como la carrera de los carros locos, y la celebraci\u00f3n del d\u00eda de la m\u00fasica en donde, para esta oportunidad se contar\u00e1 con bandas provinciales y se realizar\u00e1 en la reci\u00e9n inaugurada Plaza del paseo deportivo Las Heras.<\/p>\n<p style=\"text-align: justify;\">El desfile en conmemoraci\u00f3n a la fundaci\u00f3n de esta hermosa comuna, se realizar\u00e1 el d\u00eda 20 de octubre a las 19.00 horas en la zona c\u00e9ntrica de Freirina y estar\u00e1 a cargo del liceo Ram\u00f3n Freire Serrano. Adem\u00e1s ese mismo d\u00eda, la primera autoridad comunal, recorrer\u00e1 las calles de Freirina homenajeando a los adultos con m\u00e1s edad, tal cual se realiz\u00f3 durante el 2014 y 2015, esta actividad se denomina \u201cHomenaje Semillas de Memoria, Personajes Hist\u00f3ricos de Freirina\u201d.<\/p>\n<p style=\"text-align: justify;\">A esto se le suma, los diversos talleres deportivos y culturales, los cuales se ejecutar\u00e1n durante este mes, poniendo mayor \u00e9nfasis en las zonas rurales y costeras de Freirina.<\/p>\n<p style=\"text-align: justify;\">La finalizaci\u00f3n de las actividades del aniversario de Freirina, ser\u00e1 una gran \u201cfiesta familiar de los colores\u201d, con dj, m\u00fasica en vivo, actividades, concursos y muchas sorpresas para los vecinos, la cual se realizar\u00e1 el d\u00eda 29 de octubre en la plaza de armas de la comuna.<\/p>\n<p style=\"text-align: justify;\">Como ha sido la t\u00f3nica en los a\u00f1os anteriores, se espera contar con gran presencia de vecinos en las diversas actividades que el municipio tiene preparadas para la comunidad.<\/p>\n<p style=\"text-align: justify;\"><strong>Conozca aqu\u00ed calendario de actividades:<\/strong><\/p>\n<p style=\"text-align: justify;\"><a href=\"http:\/\/www.radioamigavallenar.cl\/wp-content\/uploads\/2016\/10\/ANIVERSARIO-FREIRINA-pdf.pdf\" target=\"_blank\">aniversario-freirina-pdf<\/a><\/p>\n<p style=\"text-align: justify;\">\n<p style=\"text-align: justify;\">\n","protected":false},"excerpt":{"rendered":"<p>El alcalde subrogante de la \u201cCapital Regional del Patrimonio Cultural\u201d, Luciano Osorio Barrios, se\u00f1al\u00f3 que durante estos d\u00edas, se ha reunido con parte del equipo&hellip; <\/p>\n","protected":false},"author":2,"featured_media":2513,"comment_status":"open","ping_status":"closed","sticky":false,"template":"","format":"standard","meta":{"footnotes":""},"categories":[3],"tags":[],"class_list":["post-2512","post","type-post","status-publish","format-standard","has-post-thumbnail","hentry","category-freirina"],"_links":{"self":[{"href":"https:\/\/www.radioamigavallenar.cl\/index.php?rest_route=\/wp\/v2\/posts\/2512","targetHints":{"allow":["GET"]}}],"collection":[{"href":"https:\/\/www.radioamigavallenar.cl\/index.php?rest_route=\/wp\/v2\/posts"}],"about":[{"href":"https:\/\/www.radioamigavallenar.cl\/index.php?rest_route=\/wp\/v2\/types\/post"}],"author":[{"embeddable":true,"href":"https:\/\/www.radioamigavallenar.cl\/index.php?rest_route=\/wp\/v2\/users\/2"}],"replies":[{"embeddable":true,"href":"https:\/\/www.radioamigavallenar.cl\/index.php?rest_route=%2Fwp%2Fv2%2Fcomments&post=2512"}],"version-history":[{"count":0,"href":"https:\/\/www.radioamigavallenar.cl\/index.php?rest_route=\/wp\/v2\/posts\/2512\/revisions"}],"wp:featuredmedia":[{"embeddable":true,"href":"https:\/\/www.radioamigavallenar.cl\/index.php?rest_route=\/wp\/v2\/media\/2513"}],"wp:attachment":[{"href":"https:\/\/www.radioamigavallenar.cl\/index.php?rest_route=%2Fwp%2Fv2%2Fmedia&parent=2512"}],"wp:term":[{"taxonomy":"category","embeddable":true,"href":"https:\/\/www.radioamigavallenar.cl\/index.php?rest_route=%2Fwp%2Fv2%2Fcategories&post=2512"},{"taxonomy":"post_tag","embeddable":true,"href":"https:\/\/www.radioamigavallenar.cl\/index.php?rest_route=%2Fwp%2Fv2%2Ftags&post=2512"}],"curies":[{"name":"wp","href":"https:\/\/api.w.org\/{rel}","templated":true}]}}