{"id":2505,"date":"2016-10-03T12:07:05","date_gmt":"2016-10-03T15:07:05","guid":{"rendered":"http:\/\/www.radioamigavallenar.cl\/?p=2505"},"modified":"2016-10-03T12:07:05","modified_gmt":"2016-10-03T15:07:05","slug":"deportes-vallenar-no-pudo-ante-el-lider-melipilla-y-sigue-sin-sumar-puntos-en-la-segunda-division","status":"publish","type":"post","link":"https:\/\/www.radioamigavallenar.cl\/?p=2505","title":{"rendered":"Deportes Vallenar no pudo ante el l\u00edder Melipilla y sigue sin sumar puntos en la Segunda Divisi\u00f3n"},"content":{"rendered":"<p><a href=\"http:\/\/www.radioamigavallenar.cl\/wp-content\/uploads\/2016\/08\/Deportes-Vallenar-tres.jpg\"><img loading=\"lazy\" decoding=\"async\" class=\" size-medium wp-image-2032 aligncenter\" src=\"http:\/\/www.radioamigavallenar.cl\/wp-content\/uploads\/2016\/08\/Deportes-Vallenar-tres-300x225.jpg\" alt=\"Deportes Vallenar tres\" width=\"300\" height=\"225\" srcset=\"https:\/\/www.radioamigavallenar.cl\/wp-content\/uploads\/2016\/08\/Deportes-Vallenar-tres-300x225.jpg 300w, https:\/\/www.radioamigavallenar.cl\/wp-content\/uploads\/2016\/08\/Deportes-Vallenar-tres.jpg 700w\" sizes=\"auto, (max-width: 300px) 100vw, 300px\" \/><\/a><\/p>\n<p>Deportes Vallenar sum\u00f3 una nueva derrota, esta vez por dos a cero ante Melipilla, el la cuarta fecha del torneo oficial de la Segunda Divisi\u00f3n del f\u00fatbol profesional chileno.<\/p>\n<p>Los verdiblancos viajaron con la ilusi\u00f3n de rescatar puntos en calidad de forastero, y jugando muy bien los primeros 30 minutos, Vallenar podr\u00eda haber dado la sorpresa, pero nuevamente no hubo claridad en el finiquito.<\/p>\n<p>El gol de Melipilla fue de camar\u00edn, al inicio de la segunda fracci\u00f3n, con anotaci\u00f3n de An\u00edbal Carvallo al minuto 47\u00b4, mientras que el dos a cero fue desde los doce pasos por obra de Luis Valenzuela al minuto 71\u00b4.<\/p>\n<p>Los \u00abPotros\u00bb tras el triunfo sumaron 12 unidades quedando como punteros de la fase grupal norte, mientras que Vallenar es colista con cero puntos y una diferencia de menos seis.<\/p>\n<p>El pr\u00f3ximo compromiso de Deportes Vallenar es ante San Antonio Unido, pleito que estar\u00eda fijado para el s\u00e1bado 8 de octubre a las 19:00 horas en el Nelson Rojas.<\/p>\n<p><strong>FICHA T\u00c9CNICA<\/strong><br \/>\n<strong>Hora: 17:00<\/strong><br \/>\n<strong>Estadio: Roberto Bravo<\/strong><br \/>\n<strong>\u00c1rbitro: Fernando Vejar<\/strong><\/p>\n<p><strong>Deportes Melipilla (2):<\/strong> Javier P\u00e9rez; Orlando Santis, Elson Guzm\u00e1n, Gonzalo Lauler, Jos\u00e9 Miguel Cantillana; Francisco Levipan (52\u2019 Ricardo Fuenzalida), Boris Lagos (54\u2019 Mirko Opazo), Luis Valenzuela; An\u00edbal Carvallo, Ignacio Troncoso, \u00c1lvaro L\u00f3pez (68\u2019 Sebasti\u00e1n Espinoza). DT: Carlos Encina.<\/p>\n<p><strong>Deportes Vallenar (0):<\/strong> Carlos Julio; Pablo Sanhueza (59\u2019 Jos\u00e9 Riquero), Juan Mu\u00f1oz, Adolfo Arteaga, Michael Lopez; Javier Guzm\u00e1n, Ernesto Rojas (72\u2019 Maximiliano Pizarro), Francisco Araya, Francisco Guajardo; Patricio Paredes (54\u2019 Francisco Y\u00e1\u00f1ez), Diego Cuellar. DT:<\/p>\n<p><strong>Goles: 1-0, 47\u2019 An\u00edbal Carvallo; 2-0, 71\u2019 Luis Valenzuela.<\/strong><\/p>\n","protected":false},"excerpt":{"rendered":"<p>Deportes Vallenar sum\u00f3 una nueva derrota, esta vez por dos a cero ante Melipilla, el la cuarta fecha del torneo oficial de la Segunda Divisi\u00f3n&hellip; <\/p>\n","protected":false},"author":2,"featured_media":2186,"comment_status":"open","ping_status":"closed","sticky":false,"template":"","format":"standard","meta":{"footnotes":""},"categories":[8],"tags":[],"class_list":["post-2505","post","type-post","status-publish","format-standard","has-post-thumbnail","hentry","category-deportes"],"_links":{"self":[{"href":"https:\/\/www.radioamigavallenar.cl\/index.php?rest_route=\/wp\/v2\/posts\/2505","targetHints":{"allow":["GET"]}}],"collection":[{"href":"https:\/\/www.radioamigavallenar.cl\/index.php?rest_route=\/wp\/v2\/posts"}],"about":[{"href":"https:\/\/www.radioamigavallenar.cl\/index.php?rest_route=\/wp\/v2\/types\/post"}],"author":[{"embeddable":true,"href":"https:\/\/www.radioamigavallenar.cl\/index.php?rest_route=\/wp\/v2\/users\/2"}],"replies":[{"embeddable":true,"href":"https:\/\/www.radioamigavallenar.cl\/index.php?rest_route=%2Fwp%2Fv2%2Fcomments&post=2505"}],"version-history":[{"count":0,"href":"https:\/\/www.radioamigavallenar.cl\/index.php?rest_route=\/wp\/v2\/posts\/2505\/revisions"}],"wp:featuredmedia":[{"embeddable":true,"href":"https:\/\/www.radioamigavallenar.cl\/index.php?rest_route=\/wp\/v2\/media\/2186"}],"wp:attachment":[{"href":"https:\/\/www.radioamigavallenar.cl\/index.php?rest_route=%2Fwp%2Fv2%2Fmedia&parent=2505"}],"wp:term":[{"taxonomy":"category","embeddable":true,"href":"https:\/\/www.radioamigavallenar.cl\/index.php?rest_route=%2Fwp%2Fv2%2Fcategories&post=2505"},{"taxonomy":"post_tag","embeddable":true,"href":"https:\/\/www.radioamigavallenar.cl\/index.php?rest_route=%2Fwp%2Fv2%2Ftags&post=2505"}],"curies":[{"name":"wp","href":"https:\/\/api.w.org\/{rel}","templated":true}]}}