{"id":2501,"date":"2016-10-03T11:23:05","date_gmt":"2016-10-03T14:23:05","guid":{"rendered":"http:\/\/www.radioamigavallenar.cl\/?p=2501"},"modified":"2016-10-03T11:23:05","modified_gmt":"2016-10-03T14:23:05","slug":"fiscalia-obtuvo-condena-en-contra-de-autor-de-robo-con-intimidacion-en-copiapo","status":"publish","type":"post","link":"https:\/\/www.radioamigavallenar.cl\/?p=2501","title":{"rendered":"Fiscal\u00eda obtuvo condena en contra de autor de robo con intimidaci\u00f3n en Copiap\u00f3"},"content":{"rendered":"<p style=\"text-align: justify;\"><a href=\"http:\/\/www.radioamigavallenar.cl\/wp-content\/uploads\/2016\/10\/PAULA-BARRUETO.jpg\"><img loading=\"lazy\" decoding=\"async\" class=\" size-medium wp-image-2502 aligncenter\" src=\"http:\/\/www.radioamigavallenar.cl\/wp-content\/uploads\/2016\/10\/PAULA-BARRUETO-300x201.jpg\" alt=\"paula-barrueto\" width=\"300\" height=\"201\" srcset=\"https:\/\/www.radioamigavallenar.cl\/wp-content\/uploads\/2016\/10\/PAULA-BARRUETO-300x201.jpg 300w, https:\/\/www.radioamigavallenar.cl\/wp-content\/uploads\/2016\/10\/PAULA-BARRUETO.jpg 700w\" sizes=\"auto, (max-width: 300px) 100vw, 300px\" \/><\/a><\/p>\n<p style=\"text-align: justify;\">Un veredicto condenatorio obtuvo la Fiscal\u00eda de Atacama, luego de un juicio oral en que se presentaron pruebas en contra de un imputado que fue investigado por un delito de robo que afect\u00f3 a un local comercial que se ubica en un servicentro de Copiap\u00f3.<\/p>\n<p style=\"text-align: justify;\">Los antecedentes de este caso los argument\u00f3 la fiscal adjunta Paula Barrueto Salgado, quien expuso que el hecho ocurri\u00f3 el d\u00eda 9 de septiembre del a\u00f1o pasado alrededor de las 02 de la madrugada. En esa ocasi\u00f3n el condenado, Miguel Ayala Cort\u00e9s (42), se acerc\u00f3 hasta el local comercial que se ubica en la estaci\u00f3n de servicios Petrobras de la avenida Copayapu de la capital regional, momento en que, simulando portar un arma de tipo escopeta, intimid\u00f3 a la v\u00edctima que a esa hora se desempe\u00f1aba en el lugar.<\/p>\n<p style=\"text-align: justify;\">\u201cLa investigaci\u00f3n de la Fiscal\u00eda permiti\u00f3 aclarar c\u00f3mo ocurrieron los hechos, adem\u00e1s de establecer que el condenado consigui\u00f3 sustraer dinero en efectivo de este local, adem\u00e1s de especies que hab\u00eda en el mostrador\u201d, dijo la fiscal.<\/p>\n<p style=\"text-align: justify;\">Paula Barrueto, con los medios de prueba que se presentaron en la mencionada audiencia, confirm\u00f3 adem\u00e1s que luego de cometer el robo, el condenado se dio a la fuga mientras la v\u00edctima consigui\u00f3 alertar a personal de Carabineros quienes llegaron al sector y detuvieron al autor de este delito, quien adem\u00e1s fue reconocido por la v\u00edctima.<\/p>\n<p style=\"text-align: justify;\">Por estos hechos, la Fiscal\u00eda de Atacama acus\u00f3 a Ayala Cort\u00e9s por el delito de robo con intimidaci\u00f3n, consiguiendo que los Jueces de la Segunda Sala del Tribunal Oral lo condenaran por el delito investigado sancion\u00e1ndolo adem\u00e1s a una pena de cinco a\u00f1os y un d\u00eda de presidio efectivo en la c\u00e1rcel local.<\/p>\n","protected":false},"excerpt":{"rendered":"<p>Un veredicto condenatorio obtuvo la Fiscal\u00eda de Atacama, luego de un juicio oral en que se presentaron pruebas en contra de un imputado que fue&hellip; <\/p>\n","protected":false},"author":2,"featured_media":2502,"comment_status":"open","ping_status":"closed","sticky":false,"template":"","format":"standard","meta":{"footnotes":""},"categories":[6],"tags":[],"class_list":["post-2501","post","type-post","status-publish","format-standard","has-post-thumbnail","hentry","category-policial"],"_links":{"self":[{"href":"https:\/\/www.radioamigavallenar.cl\/index.php?rest_route=\/wp\/v2\/posts\/2501","targetHints":{"allow":["GET"]}}],"collection":[{"href":"https:\/\/www.radioamigavallenar.cl\/index.php?rest_route=\/wp\/v2\/posts"}],"about":[{"href":"https:\/\/www.radioamigavallenar.cl\/index.php?rest_route=\/wp\/v2\/types\/post"}],"author":[{"embeddable":true,"href":"https:\/\/www.radioamigavallenar.cl\/index.php?rest_route=\/wp\/v2\/users\/2"}],"replies":[{"embeddable":true,"href":"https:\/\/www.radioamigavallenar.cl\/index.php?rest_route=%2Fwp%2Fv2%2Fcomments&post=2501"}],"version-history":[{"count":0,"href":"https:\/\/www.radioamigavallenar.cl\/index.php?rest_route=\/wp\/v2\/posts\/2501\/revisions"}],"wp:featuredmedia":[{"embeddable":true,"href":"https:\/\/www.radioamigavallenar.cl\/index.php?rest_route=\/wp\/v2\/media\/2502"}],"wp:attachment":[{"href":"https:\/\/www.radioamigavallenar.cl\/index.php?rest_route=%2Fwp%2Fv2%2Fmedia&parent=2501"}],"wp:term":[{"taxonomy":"category","embeddable":true,"href":"https:\/\/www.radioamigavallenar.cl\/index.php?rest_route=%2Fwp%2Fv2%2Fcategories&post=2501"},{"taxonomy":"post_tag","embeddable":true,"href":"https:\/\/www.radioamigavallenar.cl\/index.php?rest_route=%2Fwp%2Fv2%2Ftags&post=2501"}],"curies":[{"name":"wp","href":"https:\/\/api.w.org\/{rel}","templated":true}]}}