{"id":2496,"date":"2016-09-30T13:20:47","date_gmt":"2016-09-30T16:20:47","guid":{"rendered":"http:\/\/www.radioamigavallenar.cl\/?p=2496"},"modified":"2016-09-30T13:20:47","modified_gmt":"2016-09-30T16:20:47","slug":"este-viernes-y-sabado-vallenar-sera-epicentro-del-basquetbol-escolar","status":"publish","type":"post","link":"https:\/\/www.radioamigavallenar.cl\/?p=2496","title":{"rendered":"Este viernes y s\u00e1bado Vallenar ser\u00e1 epicentro del basquetbol escolar"},"content":{"rendered":"<p style=\"text-align: justify;\"><a href=\"http:\/\/www.radioamigavallenar.cl\/wp-content\/uploads\/2016\/09\/Afiche-basquetbol.jpg\"><img loading=\"lazy\" decoding=\"async\" class=\" size-medium wp-image-2497 aligncenter\" src=\"http:\/\/www.radioamigavallenar.cl\/wp-content\/uploads\/2016\/09\/Afiche-basquetbol-300x300.jpg\" alt=\"afiche-basquetbol\" width=\"300\" height=\"300\" \/><\/a><\/p>\n<p style=\"text-align: justify;\">Un interesante Torneo de Basquetbol Escolar se realizar\u00e1 este Viernes 30 de Septiembre y S\u00e1bado 01 de Octubre en el Gimnasio Polideportivo Vallenar, gentilmente cedido por la municipalidad de Vallenar.<\/p>\n<p style=\"text-align: justify;\">Este Evento Deportivo Escolar es organizado por el Club Deportivo Liceo Santa Marta y est\u00e1 inserto en el proyecto financiado por el IND- Atacama \u201cTORNEOS DEPORTIVOS ESCOLARES\u201d ,que contempla la realizaci\u00f3n durante el presente a\u00f1o de dos Campeonatos de Basquetbol y uno de F\u00fatbol a realizarse en Noviembre pr\u00f3ximo.<\/p>\n<p style=\"text-align: justify;\">En esta oportunidad participan el Colegio Ambrosio O\u00b4Higgins, Liceo Bicentenario y Santa Marta de Vallenar, representativos de Colegio International School de La Serena y el Colegio San Lorenzo de Copiap\u00f3.<\/p>\n<p style=\"text-align: justify;\">Viernes 30 Septiembre a contar de las 15:00 hrs y S\u00c1BADO 01 DE octubre en jornadas de ma\u00f1ana y Tarde.<\/p>\n","protected":false},"excerpt":{"rendered":"<p>Un interesante Torneo de Basquetbol Escolar se realizar\u00e1 este Viernes 30 de Septiembre y S\u00e1bado 01 de Octubre en el Gimnasio Polideportivo Vallenar, gentilmente cedido&hellip; <\/p>\n","protected":false},"author":2,"featured_media":0,"comment_status":"open","ping_status":"closed","sticky":false,"template":"","format":"standard","meta":{"footnotes":""},"categories":[8],"tags":[],"class_list":["post-2496","post","type-post","status-publish","format-standard","hentry","category-deportes"],"_links":{"self":[{"href":"https:\/\/www.radioamigavallenar.cl\/index.php?rest_route=\/wp\/v2\/posts\/2496","targetHints":{"allow":["GET"]}}],"collection":[{"href":"https:\/\/www.radioamigavallenar.cl\/index.php?rest_route=\/wp\/v2\/posts"}],"about":[{"href":"https:\/\/www.radioamigavallenar.cl\/index.php?rest_route=\/wp\/v2\/types\/post"}],"author":[{"embeddable":true,"href":"https:\/\/www.radioamigavallenar.cl\/index.php?rest_route=\/wp\/v2\/users\/2"}],"replies":[{"embeddable":true,"href":"https:\/\/www.radioamigavallenar.cl\/index.php?rest_route=%2Fwp%2Fv2%2Fcomments&post=2496"}],"version-history":[{"count":0,"href":"https:\/\/www.radioamigavallenar.cl\/index.php?rest_route=\/wp\/v2\/posts\/2496\/revisions"}],"wp:attachment":[{"href":"https:\/\/www.radioamigavallenar.cl\/index.php?rest_route=%2Fwp%2Fv2%2Fmedia&parent=2496"}],"wp:term":[{"taxonomy":"category","embeddable":true,"href":"https:\/\/www.radioamigavallenar.cl\/index.php?rest_route=%2Fwp%2Fv2%2Fcategories&post=2496"},{"taxonomy":"post_tag","embeddable":true,"href":"https:\/\/www.radioamigavallenar.cl\/index.php?rest_route=%2Fwp%2Fv2%2Ftags&post=2496"}],"curies":[{"name":"wp","href":"https:\/\/api.w.org\/{rel}","templated":true}]}}