{"id":24693,"date":"2020-05-29T12:50:20","date_gmt":"2020-05-29T16:50:20","guid":{"rendered":"https:\/\/www.radioamigavallenar.cl\/?p=24693"},"modified":"2020-05-29T12:50:21","modified_gmt":"2020-05-29T16:50:21","slug":"proyecto-minero-filo-del-sol-en-atacama-podria-convertirse-en-el-mas-grande-del-mundo","status":"publish","type":"post","link":"https:\/\/www.radioamigavallenar.cl\/?p=24693","title":{"rendered":"Proyecto Minero \u00abFilo del Sol\u00bb en Atacama podr\u00eda convertirse en el m\u00e1s grande del Mundo"},"content":{"rendered":"\n<div class=\"wp-block-image\"><figure class=\"aligncenter size-large\"><img decoding=\"async\" src=\"https:\/\/www.radioamigavallenar.cl\/wp-content\/uploads\/2020\/05\/459390b7e610f2d1b5658d4466087a0b-640x480-1.jpg\" alt=\"\" class=\"wp-image-24694\"\/><\/figure><\/div>\n\n\n\n<p class=\"has-text-align-center\"><strong>Se trata de un&nbsp; proyecto binacional de cobre, oro y plata.<\/strong><\/p>\n\n\n\n<p>El proyecto de Filo Mining avanza en el desarrollo de proyectos de Cobre, Oro y plata y que est\u00e1 ubicado en la comuna de Tierra Amarilla, en la Provincia de Copiap\u00f3, pr\u00f3ximo a la Quebrada Maranceles, sector de Tamberias, en el limite de la frontera entre Chile y argentina, enmarcado en el acuerdo binacional entre ambos pa\u00edses para el desarrollo minero.<\/p>\n\n\n\n<p>Seg\u00fan los dos primeros pozos perforados por Filo Mining, el sistema mineralizado del proyecto es m\u00e1s grande que el inicialmente estimado, por lo que el proyecto podr\u00eda convertirse en uno de los m\u00e1s grandes del Mundo.<\/p>\n\n\n\n<p>Cabe mencionar que el proyecto minero est\u00e1 igualmente ubicado en la frontera con Argentina, espec\u00edficamente con la provincia de San Juan,\u00a0convirti\u00e9ndose en un proyecto binacional<\/p>\n\n\n\n<p>Hace poco la compa\u00f1\u00eda detect\u00f3 poco m\u00e1s de mil metros\u00a0con 0.95% de cobre equivalente y 1034 metros con 0,68% de cobre\u00a0equivalente fuera del recurso mineral conocido, se inform\u00f3 adem\u00e1s que ya se han detectado tres minerales que superan un kil\u00f3metro de profundidad y suma 5 kil\u00f3metros de continuidad, por lo que se anuncia una combinaci\u00f3n de gran tonelaje y alta ley.<\/p>\n\n\n\n<p>Destacar que la exploraci\u00f3n del proyecto minero se inici\u00f3 en el a\u00f1o<strong>\u00a0<\/strong>1999 y a la fecha se han ejecutado 12 campa\u00f1as de perforaci\u00f3n, las realizadas en el a\u00f1o 2019 y 2020 ya superan los 8 mil metros.\u00a0<\/p>\n\n\n\n<p>Datos espec\u00edficos, indican que el yacimiento alojar\u00eda m\u00e1s de 4 mil millones de libras de cobre, 5,9 millones de onzas de oro y una cantidad\u00a0 de 183 millones de onzas de plata.<\/p>\n\n\n\n<p>Seg\u00fan declaraci\u00f3n del Seremi de Miner\u00eda de Atacama, Cristian Alvayai Rojas\u00a0Este comprende sondajes de diamantina para el reconocimiento recursos y\/o reservas met\u00e1licas, distribuidos en el territorio Chileno y Argentino. En t\u00e9rmino de la inversi\u00f3n del proyecto, esta se alcanza los\u00a03.013.375 de USD para las campa\u00f1as de exploraciones 2019 y 2020.<br>\u00abActualmente, el proyecto de exploraci\u00f3n se encuentra detenido producto de la suspensi\u00f3n temporal de fronteras, dando estricto cumplimento a las medidas dispuestas ante la emergencia sanitaria a ra\u00edz del coronavirus\u00bb, dijo el Seremi de esta cartera en Atacama<\/p>\n\n\n\n<p>Destacar adem\u00e1s que durante el presente mes, el Presidente de la compa\u00f1\u00eda, Lukas Lundin, dijo al grupo de accionistas, que ahora hace poco est\u00e1n teniendo una idea del tama\u00f1o real del proyecto minero, que podr\u00eda convertirse en el m\u00e1s grande de los \u00faltimos tiempos.<\/p>\n","protected":false},"excerpt":{"rendered":"<p>Se trata de un&nbsp; proyecto binacional de cobre, oro y plata. El proyecto de Filo Mining avanza en el desarrollo de proyectos de Cobre, Oro&hellip; <\/p>\n","protected":false},"author":2,"featured_media":0,"comment_status":"open","ping_status":"closed","sticky":false,"template":"","format":"standard","meta":{"footnotes":""},"categories":[7,34],"tags":[],"class_list":["post-24693","post","type-post","status-publish","format-standard","hentry","category-atacama","category-mineria"],"_links":{"self":[{"href":"https:\/\/www.radioamigavallenar.cl\/index.php?rest_route=\/wp\/v2\/posts\/24693","targetHints":{"allow":["GET"]}}],"collection":[{"href":"https:\/\/www.radioamigavallenar.cl\/index.php?rest_route=\/wp\/v2\/posts"}],"about":[{"href":"https:\/\/www.radioamigavallenar.cl\/index.php?rest_route=\/wp\/v2\/types\/post"}],"author":[{"embeddable":true,"href":"https:\/\/www.radioamigavallenar.cl\/index.php?rest_route=\/wp\/v2\/users\/2"}],"replies":[{"embeddable":true,"href":"https:\/\/www.radioamigavallenar.cl\/index.php?rest_route=%2Fwp%2Fv2%2Fcomments&post=24693"}],"version-history":[{"count":0,"href":"https:\/\/www.radioamigavallenar.cl\/index.php?rest_route=\/wp\/v2\/posts\/24693\/revisions"}],"wp:attachment":[{"href":"https:\/\/www.radioamigavallenar.cl\/index.php?rest_route=%2Fwp%2Fv2%2Fmedia&parent=24693"}],"wp:term":[{"taxonomy":"category","embeddable":true,"href":"https:\/\/www.radioamigavallenar.cl\/index.php?rest_route=%2Fwp%2Fv2%2Fcategories&post=24693"},{"taxonomy":"post_tag","embeddable":true,"href":"https:\/\/www.radioamigavallenar.cl\/index.php?rest_route=%2Fwp%2Fv2%2Ftags&post=24693"}],"curies":[{"name":"wp","href":"https:\/\/api.w.org\/{rel}","templated":true}]}}