{"id":24478,"date":"2020-05-23T10:29:28","date_gmt":"2020-05-23T14:29:28","guid":{"rendered":"https:\/\/www.radioamigavallenar.cl\/?p=24478"},"modified":"2020-05-23T10:29:29","modified_gmt":"2020-05-23T14:29:29","slug":"corte-de-copiapo-acoge-juramento-de-dos-abogados-en-conexion-remota-con-la-corte-suprema","status":"publish","type":"post","link":"https:\/\/www.radioamigavallenar.cl\/?p=24478","title":{"rendered":"Corte de Copiap\u00f3 acoge juramento de dos abogados en conexi\u00f3n remota con la Corte Suprema"},"content":{"rendered":"\n<div class=\"wp-block-image\"><figure class=\"aligncenter size-large\"><img loading=\"lazy\" decoding=\"async\" width=\"750\" height=\"400\" src=\"https:\/\/www.radioamigavallenar.cl\/wp-content\/uploads\/2020\/05\/Juramento-abogados-en-la-Corte-de-Copiapo.jpg\" alt=\"\" class=\"wp-image-24479\" srcset=\"https:\/\/www.radioamigavallenar.cl\/wp-content\/uploads\/2020\/05\/Juramento-abogados-en-la-Corte-de-Copiapo.jpg 750w, https:\/\/www.radioamigavallenar.cl\/wp-content\/uploads\/2020\/05\/Juramento-abogados-en-la-Corte-de-Copiapo-300x160.jpg 300w\" sizes=\"auto, (max-width: 750px) 100vw, 750px\" \/><\/figure><\/div>\n\n\n\n<p><strong>La Corte de Apelaciones de Copiap\u00f3 acogi\u00f3 este pasado viernes 22 de mayo la segunda ceremonia en la que licenciados en Ciencias Jur\u00eddicas juraron como abogados, conectados a trav\u00e9s de videoconferencia con la Corte Suprema.<\/strong><\/p>\n\n\n\n<p>En Santiago, la ceremonia fue encabezada por el presidente del m\u00e1ximo tribunal, Guillermo Silva, y en Copiap\u00f3 la presidenta del tribunal de alzada, A\u00edda Osses, por la secretaria de la corte copiapina Mar\u00eda Jos\u00e9 Hern\u00e1ndez y el administrador, Marco Aguirre.<\/p>\n\n\n\n<p>En la oportunidad, el secretario de la Corte Suprema, Jorge S\u00e1ez, tom\u00f3 de manera remota el juramento respectivo a los postulantes en las cortes de apelaciones de Arica, La Serena, Valpara\u00edso, Valdivia y Temuco. En Copiap\u00f3 juraron Marcelo Ar\u00e9valo Inarejo y Carlos Toro Araya, egresados de la Universidad de Atacama.<\/p>\n\n\n\n<p>Al t\u00e9rmino de la ceremonia, la presidenta A\u00edda Osses expres\u00f3 que \u201cla consolidaci\u00f3n de este modelo, en medio de la pandemia por el covid19, nos permite fortalecer el rol de las cortes de apelaciones y contribuye a la descentralizaci\u00f3n que tanto necesita nuestro pa\u00eds\u201d.<\/p>\n\n\n\n<p>A\u00f1adi\u00f3 que pese a la pandemia que se vive, esta actividad se transforma en una luz de esperanza. \u201cNo son tiempos f\u00e1ciles. Probablemente los j\u00f3venes abogados ten\u00edan otras expectativas para recibir sus t\u00edtulos y fundamentalmente para comenzar a ejercer. Sin embargo, esto no puede desmotivarlos ni reducir sus expectativas, porque la meta de ser abogados, que imagino tantas veces vieron lejana, ya est\u00e1 cumplida y en adelante solo pueden venir cosas buenas\u201d, asegur\u00f3.<\/p>\n\n\n\n<p>El flamante abogado Marcelo Ar\u00e9valo dijo estar feliz por haber culminado una etapa que a veces se prolonga m\u00e1s de lo esperado. \u201cEn retrospectiva, uno analiza todo este largo proceso para quienes un d\u00eda decidimos estudiar esta profesi\u00f3n. (Mi) gratitud para las personas que est\u00e1n de tras de uno en el apoyo incondicional que prestan para salir adelante\u201d, puntualiz\u00f3.<\/p>\n\n\n\n<p>En tanto, Carlos Toro expres\u00f3 que \u201cestamos culminando un proceso muy largo para todos quienes estudiamos Derecho. Esta experiencia para m\u00ed ha sido muy gratificante, porque es un proceso que llega a un punto c\u00falmine en la misma ciudad en la que estudi\u00e9. Me favorece mucho y me alegra porque son las mismas personas las que me han llevado hasta aqu\u00ed y que se encuentran cerca de m\u00ed en estos momentos\u201d.<\/p>\n","protected":false},"excerpt":{"rendered":"<p>La Corte de Apelaciones de Copiap\u00f3 acogi\u00f3 este pasado viernes 22 de mayo la segunda ceremonia en la que licenciados en Ciencias Jur\u00eddicas juraron como&hellip; <\/p>\n","protected":false},"author":2,"featured_media":24479,"comment_status":"open","ping_status":"closed","sticky":false,"template":"","format":"standard","meta":{"footnotes":""},"categories":[7,37],"tags":[],"class_list":["post-24478","post","type-post","status-publish","format-standard","has-post-thumbnail","hentry","category-atacama","category-nacional"],"_links":{"self":[{"href":"https:\/\/www.radioamigavallenar.cl\/index.php?rest_route=\/wp\/v2\/posts\/24478","targetHints":{"allow":["GET"]}}],"collection":[{"href":"https:\/\/www.radioamigavallenar.cl\/index.php?rest_route=\/wp\/v2\/posts"}],"about":[{"href":"https:\/\/www.radioamigavallenar.cl\/index.php?rest_route=\/wp\/v2\/types\/post"}],"author":[{"embeddable":true,"href":"https:\/\/www.radioamigavallenar.cl\/index.php?rest_route=\/wp\/v2\/users\/2"}],"replies":[{"embeddable":true,"href":"https:\/\/www.radioamigavallenar.cl\/index.php?rest_route=%2Fwp%2Fv2%2Fcomments&post=24478"}],"version-history":[{"count":0,"href":"https:\/\/www.radioamigavallenar.cl\/index.php?rest_route=\/wp\/v2\/posts\/24478\/revisions"}],"wp:featuredmedia":[{"embeddable":true,"href":"https:\/\/www.radioamigavallenar.cl\/index.php?rest_route=\/wp\/v2\/media\/24479"}],"wp:attachment":[{"href":"https:\/\/www.radioamigavallenar.cl\/index.php?rest_route=%2Fwp%2Fv2%2Fmedia&parent=24478"}],"wp:term":[{"taxonomy":"category","embeddable":true,"href":"https:\/\/www.radioamigavallenar.cl\/index.php?rest_route=%2Fwp%2Fv2%2Fcategories&post=24478"},{"taxonomy":"post_tag","embeddable":true,"href":"https:\/\/www.radioamigavallenar.cl\/index.php?rest_route=%2Fwp%2Fv2%2Ftags&post=24478"}],"curies":[{"name":"wp","href":"https:\/\/api.w.org\/{rel}","templated":true}]}}