{"id":24447,"date":"2020-05-22T07:23:41","date_gmt":"2020-05-22T11:23:41","guid":{"rendered":"https:\/\/www.radioamigavallenar.cl\/?p=24447"},"modified":"2020-05-22T07:23:42","modified_gmt":"2020-05-22T11:23:42","slug":"ministro-de-mineria-pide-a-empresas-del-sector-agotar-todos-los-esfuerzos-para-evitar-despidos","status":"publish","type":"post","link":"https:\/\/www.radioamigavallenar.cl\/?p=24447","title":{"rendered":"Ministro de Miner\u00eda pide a empresas del sector \u201cagotar todos los esfuerzos\u201d para evitar despidos"},"content":{"rendered":"\n<div class=\"wp-block-image\"><figure class=\"aligncenter size-large\"><img loading=\"lazy\" decoding=\"async\" width=\"1024\" height=\"683\" src=\"https:\/\/www.radioamigavallenar.cl\/wp-content\/uploads\/2020\/05\/Ministro-Prokurica-4-scaled-1-1024x683.jpg\" alt=\"\" class=\"wp-image-24448\" srcset=\"https:\/\/www.radioamigavallenar.cl\/wp-content\/uploads\/2020\/05\/Ministro-Prokurica-4-scaled-1-1024x683.jpg 1024w, https:\/\/www.radioamigavallenar.cl\/wp-content\/uploads\/2020\/05\/Ministro-Prokurica-4-scaled-1-300x200.jpg 300w, https:\/\/www.radioamigavallenar.cl\/wp-content\/uploads\/2020\/05\/Ministro-Prokurica-4-scaled-1-768x512.jpg 768w, https:\/\/www.radioamigavallenar.cl\/wp-content\/uploads\/2020\/05\/Ministro-Prokurica-4-scaled-1-1536x1024.jpg 1536w, https:\/\/www.radioamigavallenar.cl\/wp-content\/uploads\/2020\/05\/Ministro-Prokurica-4-scaled-1-2048x1366.jpg 2048w\" sizes=\"auto, (max-width: 1024px) 100vw, 1024px\" \/><\/figure><\/div>\n\n\n\n<p>El ministro de Miner\u00eda, Baldo Prokurica, calific\u00f3 como \u201clamentable\u201d la desvinculaci\u00f3n de 49 personas de la Minera Lumina Copper en su faena Caserones, correspondientes al 5% de su dotaci\u00f3n. De esta forma, el secretario de Estado se\u00f1al\u00f3 que \u201ctodas las p\u00e9rdidas de trabajo son muy muy complejas para todas las familias que dejan de percibir un ingreso, especialmente, en una \u00e9poca como \u00e9sta\u201d.<\/p>\n\n\n\n<p>La autoridad afirm\u00f3 que ha mantenido contacto permanente con los actores principales de la industria desde el inicio de la pandemia para adoptar medidas que permitan la continuidad de las operaciones en forma segura para sus trabajadores y proteger los empleos.<\/p>\n\n\n\n<p>En ese sentido, el titular de la cartera hizo un llamado \u201ca todas las empresas de la miner\u00eda, a agotar todos los esfuerzos para evitar medidas tan dr\u00e1sticas y lamentables como es la p\u00e9rdida de empleos y despidos de los trabajadores\u201d.<\/p>\n\n\n\n<p>Finalmente, el secretario de Estado destac\u00f3 el rol desempe\u00f1ado por Codelco durante la pandemia: \u201cqueremos valorar los esfuerzos que est\u00e1 haciendo en el caso espec\u00edfico de ayudar a sus proveedores, empresas contratistas, con la finalidad que no despidan gente, que no paralicen y que no haya m\u00e1s despidos en el sector\u201d, puntualiz\u00f3.<\/p>\n","protected":false},"excerpt":{"rendered":"<p>El ministro de Miner\u00eda, Baldo Prokurica, calific\u00f3 como \u201clamentable\u201d la desvinculaci\u00f3n de 49 personas de la Minera Lumina Copper en su faena Caserones, correspondientes al&hellip; <\/p>\n","protected":false},"author":2,"featured_media":24448,"comment_status":"open","ping_status":"closed","sticky":false,"template":"","format":"standard","meta":{"footnotes":""},"categories":[7,34,37],"tags":[],"class_list":["post-24447","post","type-post","status-publish","format-standard","has-post-thumbnail","hentry","category-atacama","category-mineria","category-nacional"],"_links":{"self":[{"href":"https:\/\/www.radioamigavallenar.cl\/index.php?rest_route=\/wp\/v2\/posts\/24447","targetHints":{"allow":["GET"]}}],"collection":[{"href":"https:\/\/www.radioamigavallenar.cl\/index.php?rest_route=\/wp\/v2\/posts"}],"about":[{"href":"https:\/\/www.radioamigavallenar.cl\/index.php?rest_route=\/wp\/v2\/types\/post"}],"author":[{"embeddable":true,"href":"https:\/\/www.radioamigavallenar.cl\/index.php?rest_route=\/wp\/v2\/users\/2"}],"replies":[{"embeddable":true,"href":"https:\/\/www.radioamigavallenar.cl\/index.php?rest_route=%2Fwp%2Fv2%2Fcomments&post=24447"}],"version-history":[{"count":0,"href":"https:\/\/www.radioamigavallenar.cl\/index.php?rest_route=\/wp\/v2\/posts\/24447\/revisions"}],"wp:featuredmedia":[{"embeddable":true,"href":"https:\/\/www.radioamigavallenar.cl\/index.php?rest_route=\/wp\/v2\/media\/24448"}],"wp:attachment":[{"href":"https:\/\/www.radioamigavallenar.cl\/index.php?rest_route=%2Fwp%2Fv2%2Fmedia&parent=24447"}],"wp:term":[{"taxonomy":"category","embeddable":true,"href":"https:\/\/www.radioamigavallenar.cl\/index.php?rest_route=%2Fwp%2Fv2%2Fcategories&post=24447"},{"taxonomy":"post_tag","embeddable":true,"href":"https:\/\/www.radioamigavallenar.cl\/index.php?rest_route=%2Fwp%2Fv2%2Ftags&post=24447"}],"curies":[{"name":"wp","href":"https:\/\/api.w.org\/{rel}","templated":true}]}}