{"id":24444,"date":"2020-05-22T07:20:22","date_gmt":"2020-05-22T11:20:22","guid":{"rendered":"https:\/\/www.radioamigavallenar.cl\/?p=24444"},"modified":"2020-05-22T07:20:23","modified_gmt":"2020-05-22T11:20:23","slug":"el-consejo-regional-de-atacama-aprueba-960-millones-de-pesos-de-la-glosa-6-para-municipios","status":"publish","type":"post","link":"https:\/\/www.radioamigavallenar.cl\/?p=24444","title":{"rendered":"El Consejo Regional de Atacama aprueba 960 millones de pesos de la Glosa 6% para municipios"},"content":{"rendered":"\n<div class=\"wp-block-image\"><figure class=\"aligncenter size-large\"><img loading=\"lazy\" decoding=\"async\" width=\"1024\" height=\"768\" src=\"https:\/\/www.radioamigavallenar.cl\/wp-content\/uploads\/2020\/05\/foto1RuthVegayCarolinaRojas-1024x768.jpg\" alt=\"\" class=\"wp-image-24445\" srcset=\"https:\/\/www.radioamigavallenar.cl\/wp-content\/uploads\/2020\/05\/foto1RuthVegayCarolinaRojas-1024x768.jpg 1024w, https:\/\/www.radioamigavallenar.cl\/wp-content\/uploads\/2020\/05\/foto1RuthVegayCarolinaRojas-300x225.jpg 300w, https:\/\/www.radioamigavallenar.cl\/wp-content\/uploads\/2020\/05\/foto1RuthVegayCarolinaRojas-768x576.jpg 768w, https:\/\/www.radioamigavallenar.cl\/wp-content\/uploads\/2020\/05\/foto1RuthVegayCarolinaRojas.jpg 1280w\" sizes=\"auto, (max-width: 1024px) 100vw, 1024px\" \/><\/figure><\/div>\n\n\n\n<p>El pleno del Consejo Regional de Atacama, en su Sesi\u00f3n Ordinaria N\u00b010 del presente, realizada este martes 19 de mayo, aprob\u00f3 recursos correspondientes a la Glosa del 6% FNDR del Gobierno Regional en apoyo a las municipalidades del territorio regional, por un monto equivalente a M$ 960.000.- (novecientos sesenta millones de pesos) permitiendo financiar distintos proyectos en las \u00e1reas de deporte, cultura, seguridad ciudadana, prevenci\u00f3n de drogas, entre otros.<\/p>\n\n\n\n<p>La Presidenta del Consejo Regional de Atacama, Consejera Ruth Vega Donoso, junto con valorar el trabajo, dedicaci\u00f3n y compromiso de la Divisi\u00f3n de Desarrollo Social del GORE, se\u00f1al\u00f3 que \u201cel pleno ha aprobado la propuesta del Intendente respecto a la Glosa del 6% para municipalidades tomando en cuenta las modificaciones que fueron expuestas por la Divisi\u00f3n de Desarrollo Social, en relaci\u00f3n a que no existan impedimentos de ejecutar ante la normativa vigente por la pandemia, sobre respetar las iniciativas de salud, de protecci\u00f3n, evitando actividades de car\u00e1cter masivas, adecu\u00e1ndolas a la situaci\u00f3n que estamos viviendo y facilitando as\u00ed el desarrollo de las iniciativas\u201d, explic\u00f3 la autoridad regional.<\/p>\n\n\n\n<p>Conscientes del real escenario que se vive hoy en d\u00eda, producto del Covid 19, el Consejo Regional de Atacama y el Gobierno Regional, realizaron un sistem\u00e1tico trabajo para poder llegar a un mejor acuerdo y as\u00ed favorecer a las organizaciones sociales y municipios.<\/p>\n\n\n\n<p>Se incorpor\u00f3 el poder trabajar con quienes permanecen en cuarentena por la pandemia. Sobre esto la Presidenta del CORE Atacama, Ruth Vega Donoso, puntualiz\u00f3 que \u201cjunto con mantener las bases en relaci\u00f3n al apoyo a la producci\u00f3n de difusi\u00f3n, creaci\u00f3n art\u00edstica, patrimonio e identidad cultural, formaci\u00f3n para el fortalecimiento del desarrollo art\u00edstico cultural, programas deportivos, seguridad ciudadana, prevenci\u00f3n de drogas; se dio especial \u00e9nfasis a la prevenci\u00f3n de la violencia intra familiar, como a la intervenci\u00f3n en el trabajo de las comunidades, entre otros aspectos. Destacar que se consider\u00f3 el trabajo para quienes est\u00e1n en cuarentena, as\u00ed como para quienes est\u00e1n sin empleo. Se ha querido que en las bases de este concurso se considere facilitar la labor de los municipios ante la pandemia\u201d, precis\u00f3 la Presidenta del Consejo Regional de Atacama.<\/p>\n\n\n\n<p>Mientras que, la Jefa de la Divisi\u00f3n de Desarrollo Social del GORE, Carolina Rojas, inform\u00f3 que \u201ca trav\u00e9s del Gobierno del Presidente, Sebasti\u00e1n Pi\u00f1era, y de nuestro Intendente Regional, Patricio Urquieta, hicimos una propuesta muy interesante en la cual avanzamos en el \u00e1mbito deportivo, cultural, seguridad ciudadana, junto con incorporar conceptos importantes ante el Covid 19, para que se puedan adaptar las actividades y ser lo m\u00e1s creativos posibles. Se podr\u00e1n implementar iniciativas mediante el teletrabajo, talleres o monitores online. El Consejo Regional de Atacama siempre ha estado preocupado de atender las necesidades de las organizaciones y nosotros como equipo, dentro de esta condici\u00f3n sanitaria, hemos visto el desaf\u00edo de poder adaptar estrategias ante el cambio, considerando las necesidades puntuales de las personas, tratando de no dejarlos fuera de estos concursos tan importantes que, dentro de Atacama, significan desarrollo y empleabilidad\u201d, enfatiz\u00f3 la Jefa de Divisi\u00f3n.<\/p>\n\n\n\n<p>Desde el lunes 25 de mayo y hasta el 12 de junio de 2020, estar\u00e1n publicadas las bases generales para postular al Concurso de la Glosa del 6% del FNDR del Gobierno Regional. Para m\u00e1s consultas, se debe ingresar a&nbsp;<a href=\"http:\/\/www.fondo.gob.cl\/\">www.fondo.gob.cl<\/a><\/p>\n","protected":false},"excerpt":{"rendered":"<p>El pleno del Consejo Regional de Atacama, en su Sesi\u00f3n Ordinaria N\u00b010 del presente, realizada este martes 19 de mayo, aprob\u00f3 recursos correspondientes a la&hellip; <\/p>\n","protected":false},"author":2,"featured_media":24445,"comment_status":"open","ping_status":"closed","sticky":false,"template":"","format":"standard","meta":{"footnotes":""},"categories":[7],"tags":[],"class_list":["post-24444","post","type-post","status-publish","format-standard","has-post-thumbnail","hentry","category-atacama"],"_links":{"self":[{"href":"https:\/\/www.radioamigavallenar.cl\/index.php?rest_route=\/wp\/v2\/posts\/24444","targetHints":{"allow":["GET"]}}],"collection":[{"href":"https:\/\/www.radioamigavallenar.cl\/index.php?rest_route=\/wp\/v2\/posts"}],"about":[{"href":"https:\/\/www.radioamigavallenar.cl\/index.php?rest_route=\/wp\/v2\/types\/post"}],"author":[{"embeddable":true,"href":"https:\/\/www.radioamigavallenar.cl\/index.php?rest_route=\/wp\/v2\/users\/2"}],"replies":[{"embeddable":true,"href":"https:\/\/www.radioamigavallenar.cl\/index.php?rest_route=%2Fwp%2Fv2%2Fcomments&post=24444"}],"version-history":[{"count":0,"href":"https:\/\/www.radioamigavallenar.cl\/index.php?rest_route=\/wp\/v2\/posts\/24444\/revisions"}],"wp:featuredmedia":[{"embeddable":true,"href":"https:\/\/www.radioamigavallenar.cl\/index.php?rest_route=\/wp\/v2\/media\/24445"}],"wp:attachment":[{"href":"https:\/\/www.radioamigavallenar.cl\/index.php?rest_route=%2Fwp%2Fv2%2Fmedia&parent=24444"}],"wp:term":[{"taxonomy":"category","embeddable":true,"href":"https:\/\/www.radioamigavallenar.cl\/index.php?rest_route=%2Fwp%2Fv2%2Fcategories&post=24444"},{"taxonomy":"post_tag","embeddable":true,"href":"https:\/\/www.radioamigavallenar.cl\/index.php?rest_route=%2Fwp%2Fv2%2Ftags&post=24444"}],"curies":[{"name":"wp","href":"https:\/\/api.w.org\/{rel}","templated":true}]}}