{"id":24278,"date":"2020-05-16T09:55:34","date_gmt":"2020-05-16T13:55:34","guid":{"rendered":"https:\/\/www.radioamigavallenar.cl\/?p=24278"},"modified":"2020-05-16T09:55:35","modified_gmt":"2020-05-16T13:55:35","slug":"ministro-prokurica-y-primera-ingeniera-aeroespacial-de-chile-llaman-a-generar-mas-espacio-de-participacion-femenina","status":"publish","type":"post","link":"https:\/\/www.radioamigavallenar.cl\/?p=24278","title":{"rendered":"Ministro Prokurica y primera ingeniera aeroespacial de Chile llaman a generar m\u00e1s espacio de participaci\u00f3n femenina"},"content":{"rendered":"\n<div class=\"wp-block-image\"><figure class=\"aligncenter size-large\"><img loading=\"lazy\" decoding=\"async\" width=\"1024\" height=\"540\" src=\"https:\/\/www.radioamigavallenar.cl\/wp-content\/uploads\/2020\/05\/Charla-1024x540.jpeg\" alt=\"\" class=\"wp-image-24279\" srcset=\"https:\/\/www.radioamigavallenar.cl\/wp-content\/uploads\/2020\/05\/Charla-1024x540.jpeg 1024w, https:\/\/www.radioamigavallenar.cl\/wp-content\/uploads\/2020\/05\/Charla-300x158.jpeg 300w, https:\/\/www.radioamigavallenar.cl\/wp-content\/uploads\/2020\/05\/Charla-768x405.jpeg 768w, https:\/\/www.radioamigavallenar.cl\/wp-content\/uploads\/2020\/05\/Charla.jpeg 1280w\" sizes=\"auto, (max-width: 1024px) 100vw, 1024px\" \/><\/figure><\/div>\n\n\n\n<ul class=\"wp-block-list\"><li>El secretario de Estado encabez\u00f3 la charla: Mujeres, Tecnolog\u00eda e Innovaci\u00f3n, instancia en la que destac\u00f3 el rol de las mujeres en la industria minera.<\/li><\/ul>\n\n\n\n<p>En el marco de la gesti\u00f3n de G\u00e9nero que impulsa el Ministerio de Miner\u00eda, el titular de la cartera, Baldo Prokurica Prokurica, se reuni\u00f3 esta ma\u00f1ana de manera virtual con la primera ingeniera aeroespacial de Chile y PhD en Ingenier\u00eda Mec\u00e1nica, Karin Saavedra, oportunidad en la que ambos hicieron un llamado a generar m\u00e1s espacios de participaci\u00f3n femenina en el pa\u00eds.<\/p>\n\n\n\n<p>El secretario de Estado encabez\u00f3 la instancia -que convoc\u00f3 a m\u00e1s de 60 personas- donde destac\u00f3 la importancia de realizar charlas como \u00e9sta: \u201cactualmente, solo un 9% de la fuerza laboral de la industria minera son mujeres por lo que a\u00fan nos queda mucho por hacer. Sabemos que la incorporaci\u00f3n de la mujer en cualquier organizaci\u00f3n es necesaria, no solo porque aumenta la productividad, sino tambi\u00e9n porque se generan nuevos liderazgos y ambientes m\u00e1s innovadores. Agradecemos a Karin Saavedra por su disposici\u00f3n, porque a trav\u00e9s de iniciativas como \u00e9stas generaremos los cambios culturales que necesitamos\u201d.<\/p>\n\n\n\n<p>La charla Mujeres, Tecnolog\u00eda e Innovaci\u00f3n a cargo de Saavedra abord\u00f3 diversas tem\u00e1ticas, entre ellas sesgos y brechas que existe en la industria minera y en general en ambientes masculinizados. En la oportunidad, la primera ingeniera aeroespacial de Chile, destac\u00f3 el trabajo desarrollado por el ministerio, asegurando que \u201cha impactado de forma positiva, ya que muchas empresas mineras est\u00e1n promoviendo una mayor participaci\u00f3n de mujeres y aquellas que ya cuentan con participaci\u00f3n femenina sigan fomentando las opciones de crecimiento y tambi\u00e9n tomando acciones para prevenir situaciones complejas de discriminaci\u00f3n o acoso sexual que se puedan producir en las faenas mineras u otros espacios laborales\u00bb.<\/p>\n\n\n\n<p>En esa l\u00ednea, sostuvo que la cartera \u201cha tenido un compromiso con esta tem\u00e1tica que es mantenido en el tiempo, y se ha plasmado por ejemplo en el Dec\u00e1logo que firmaron en conjunto con varias empresas mineras y proveedoras de servicios, y que es un compromiso para la incorporaci\u00f3n de mujeres en la industria minera\u00bb.<\/p>\n\n\n\n<p>En la instancia, tambi\u00e9n participaron Mai-Nie Chang, directora Ejecutiva de la ONG Hay Mujeres; Ximena Basulto, directora Women in Mining Bio B\u00edo; y Magdalena Jim\u00e9nez Gonz\u00e1lez, presidenta de la Agrupaci\u00f3n de Mujeres Mineras y Turismo Santa Celia, comuna de Carahue.<\/p>\n\n\n\n<p class=\"has-text-align-center\"><strong>Sobre el Ministerio de Miner\u00eda<\/strong><\/p>\n\n\n\n<p>La cartera se ha comprometido con la incorporaci\u00f3n de la mujer en la miner\u00eda. Por esta raz\u00f3n, durante los \u00faltimos a\u00f1os se ha trabajado a nivel interno, a trav\u00e9s de un programa de G\u00e9nero que busca disminuir las brechas y potenciar la conciliaci\u00f3n de las funcionarias entre la vida familiar, personal y laboral, posicionando la equidad y el cambio cultural que se requiere para disminuir las brechas existentes.<\/p>\n\n\n\n<p>A nivel de industria, al alero de la Pol\u00edtica Nacional Minera 2050 -proyecto que forma parte del programa de gobierno del Presidente Sebasti\u00e1n Pi\u00f1era- el Ministerio trabaja en distintas iniciativas como, por ejemplo, la mesa nacional Mujer y Miner\u00eda, que busca contar con condiciones laborales adecuadas para hombres y mujeres, aumentar la participaci\u00f3n femenina en la industria, y aumentar la presencia de mujeres en altos cargos; mesa que adem\u00e1s se espera entregue los principales lineamientos de lo que debiera contener la PNM 2050, que incorpora como uno de sus 10 ejes principales, Relaciones Laborales Integrales y Equidad de G\u00e9nero.<\/p>\n","protected":false},"excerpt":{"rendered":"<p>El secretario de Estado encabez\u00f3 la charla: Mujeres, Tecnolog\u00eda e Innovaci\u00f3n, instancia en la que destac\u00f3 el rol de las mujeres en la industria minera.&hellip; <\/p>\n","protected":false},"author":2,"featured_media":24279,"comment_status":"open","ping_status":"closed","sticky":false,"template":"","format":"standard","meta":{"footnotes":""},"categories":[7,34,37],"tags":[],"class_list":["post-24278","post","type-post","status-publish","format-standard","has-post-thumbnail","hentry","category-atacama","category-mineria","category-nacional"],"_links":{"self":[{"href":"https:\/\/www.radioamigavallenar.cl\/index.php?rest_route=\/wp\/v2\/posts\/24278","targetHints":{"allow":["GET"]}}],"collection":[{"href":"https:\/\/www.radioamigavallenar.cl\/index.php?rest_route=\/wp\/v2\/posts"}],"about":[{"href":"https:\/\/www.radioamigavallenar.cl\/index.php?rest_route=\/wp\/v2\/types\/post"}],"author":[{"embeddable":true,"href":"https:\/\/www.radioamigavallenar.cl\/index.php?rest_route=\/wp\/v2\/users\/2"}],"replies":[{"embeddable":true,"href":"https:\/\/www.radioamigavallenar.cl\/index.php?rest_route=%2Fwp%2Fv2%2Fcomments&post=24278"}],"version-history":[{"count":0,"href":"https:\/\/www.radioamigavallenar.cl\/index.php?rest_route=\/wp\/v2\/posts\/24278\/revisions"}],"wp:featuredmedia":[{"embeddable":true,"href":"https:\/\/www.radioamigavallenar.cl\/index.php?rest_route=\/wp\/v2\/media\/24279"}],"wp:attachment":[{"href":"https:\/\/www.radioamigavallenar.cl\/index.php?rest_route=%2Fwp%2Fv2%2Fmedia&parent=24278"}],"wp:term":[{"taxonomy":"category","embeddable":true,"href":"https:\/\/www.radioamigavallenar.cl\/index.php?rest_route=%2Fwp%2Fv2%2Fcategories&post=24278"},{"taxonomy":"post_tag","embeddable":true,"href":"https:\/\/www.radioamigavallenar.cl\/index.php?rest_route=%2Fwp%2Fv2%2Ftags&post=24278"}],"curies":[{"name":"wp","href":"https:\/\/api.w.org\/{rel}","templated":true}]}}