{"id":24222,"date":"2020-05-15T07:00:22","date_gmt":"2020-05-15T11:00:22","guid":{"rendered":"https:\/\/www.radioamigavallenar.cl\/?p=24222"},"modified":"2020-05-15T07:00:24","modified_gmt":"2020-05-15T11:00:24","slug":"fiscalia-de-atacama-solicito-audiencia-para-formalizar-investigacion-en-contra-de-ex-intendente","status":"publish","type":"post","link":"https:\/\/www.radioamigavallenar.cl\/?p=24222","title":{"rendered":"Fiscal\u00eda de Atacama solicit\u00f3 audiencia para formalizar investigaci\u00f3n en contra de ex intendente"},"content":{"rendered":"\n<div class=\"wp-block-image\"><figure class=\"aligncenter size-large\"><img loading=\"lazy\" decoding=\"async\" width=\"750\" height=\"400\" src=\"https:\/\/www.radioamigavallenar.cl\/wp-content\/uploads\/2020\/05\/intendnete.png\" alt=\"\" class=\"wp-image-24223\" srcset=\"https:\/\/www.radioamigavallenar.cl\/wp-content\/uploads\/2020\/05\/intendnete.png 750w, https:\/\/www.radioamigavallenar.cl\/wp-content\/uploads\/2020\/05\/intendnete-300x160.png 300w\" sizes=\"auto, (max-width: 750px) 100vw, 750px\" \/><\/figure><\/div>\n\n\n\n<p><strong>Fiscal de la causa, Luis Miranda Flores, indic\u00f3 que la comunicaci\u00f3n de los antecedentes fue fijada por el Tribunal para el pr\u00f3ximo 13 de julio.<\/strong><\/p>\n\n\n\n<p>La Fiscal\u00eda de Atacama confirm\u00f3 que luego de culminada la primera etapa de recolecci\u00f3n de antecedentes, solicit\u00f3 fecha de audiencia para llevar a cabo la formalizaci\u00f3n de una causa por delitos de car\u00e1cter econ\u00f3mico en que se le comunicar\u00e1n cargos a dos imputados. Uno de ellos el ex intendente de Atacama, Francisco S\u00e1nchez.<\/p>\n\n\n\n<p>De acuerdo a lo indicado por el fiscal a cargo de dicha indagatoria, Luis Miranda Flores, la instancia judicial fue fijada por el Tribunal para el pr\u00f3ximo 13 de julio en horas de la ma\u00f1ana.<\/p>\n\n\n\n<p>El persecutor indic\u00f3 que por ahora, mientras la investigaci\u00f3n no sea judicializada, no es posible entregar detalles de la formalizaci\u00f3n. Agregando que la Fiscal\u00eda junto a personal de la Brigada Investigadora de Delitos Econ\u00f3micos de la PDI, realiz\u00f3 un exhaustivo an\u00e1lisis de documentos contables, contratos y otros antecedentes, que permitieron reunir evidencia para fundar la formalizaci\u00f3n de cargos.<\/p>\n\n\n\n<p class=\"has-text-align-center\"><strong>EL CASO<\/strong><\/p>\n\n\n\n<p>Cabe consignar que en el mes de diciembre del a\u00f1o 2019, la empresa minera Atacama Kozan present\u00f3 una querella por un presunto delito de estafa, acci\u00f3n judicial que inici\u00f3 las diligencias por parte de la Fiscal\u00eda que orden\u00f3 un amplio trabajo investigativo.<\/p>\n","protected":false},"excerpt":{"rendered":"<p>Fiscal de la causa, Luis Miranda Flores, indic\u00f3 que la comunicaci\u00f3n de los antecedentes fue fijada por el Tribunal para el pr\u00f3ximo 13 de julio.&hellip; <\/p>\n","protected":false},"author":2,"featured_media":24223,"comment_status":"open","ping_status":"closed","sticky":false,"template":"","format":"standard","meta":{"footnotes":""},"categories":[7],"tags":[],"class_list":["post-24222","post","type-post","status-publish","format-standard","has-post-thumbnail","hentry","category-atacama"],"_links":{"self":[{"href":"https:\/\/www.radioamigavallenar.cl\/index.php?rest_route=\/wp\/v2\/posts\/24222","targetHints":{"allow":["GET"]}}],"collection":[{"href":"https:\/\/www.radioamigavallenar.cl\/index.php?rest_route=\/wp\/v2\/posts"}],"about":[{"href":"https:\/\/www.radioamigavallenar.cl\/index.php?rest_route=\/wp\/v2\/types\/post"}],"author":[{"embeddable":true,"href":"https:\/\/www.radioamigavallenar.cl\/index.php?rest_route=\/wp\/v2\/users\/2"}],"replies":[{"embeddable":true,"href":"https:\/\/www.radioamigavallenar.cl\/index.php?rest_route=%2Fwp%2Fv2%2Fcomments&post=24222"}],"version-history":[{"count":0,"href":"https:\/\/www.radioamigavallenar.cl\/index.php?rest_route=\/wp\/v2\/posts\/24222\/revisions"}],"wp:featuredmedia":[{"embeddable":true,"href":"https:\/\/www.radioamigavallenar.cl\/index.php?rest_route=\/wp\/v2\/media\/24223"}],"wp:attachment":[{"href":"https:\/\/www.radioamigavallenar.cl\/index.php?rest_route=%2Fwp%2Fv2%2Fmedia&parent=24222"}],"wp:term":[{"taxonomy":"category","embeddable":true,"href":"https:\/\/www.radioamigavallenar.cl\/index.php?rest_route=%2Fwp%2Fv2%2Fcategories&post=24222"},{"taxonomy":"post_tag","embeddable":true,"href":"https:\/\/www.radioamigavallenar.cl\/index.php?rest_route=%2Fwp%2Fv2%2Ftags&post=24222"}],"curies":[{"name":"wp","href":"https:\/\/api.w.org\/{rel}","templated":true}]}}