{"id":24219,"date":"2020-05-15T06:58:48","date_gmt":"2020-05-15T10:58:48","guid":{"rendered":"https:\/\/www.radioamigavallenar.cl\/?p=24219"},"modified":"2020-05-15T06:58:49","modified_gmt":"2020-05-15T10:58:49","slug":"pdi-detiene-a-lider-de-banda-criminal-por-diversos-delitos-en-copiapo","status":"publish","type":"post","link":"https:\/\/www.radioamigavallenar.cl\/?p=24219","title":{"rendered":"PDI detiene a l\u00edder de banda criminal por diversos delitos en Copiap\u00f3"},"content":{"rendered":"\n<div class=\"wp-block-image\"><figure class=\"aligncenter size-large\"><img loading=\"lazy\" decoding=\"async\" width=\"800\" height=\"600\" src=\"https:\/\/www.radioamigavallenar.cl\/wp-content\/uploads\/2020\/05\/WhatsApp-Image-2020-05-14-at-09.49.00-800x600-1.jpeg\" alt=\"\" class=\"wp-image-24220\" srcset=\"https:\/\/www.radioamigavallenar.cl\/wp-content\/uploads\/2020\/05\/WhatsApp-Image-2020-05-14-at-09.49.00-800x600-1.jpeg 800w, https:\/\/www.radioamigavallenar.cl\/wp-content\/uploads\/2020\/05\/WhatsApp-Image-2020-05-14-at-09.49.00-800x600-1-300x225.jpeg 300w, https:\/\/www.radioamigavallenar.cl\/wp-content\/uploads\/2020\/05\/WhatsApp-Image-2020-05-14-at-09.49.00-800x600-1-768x576.jpeg 768w\" sizes=\"auto, (max-width: 800px) 100vw, 800px\" \/><\/figure><\/div>\n\n\n\n<p>Detectives de la Brigada Investigadora de Robos (BIRO) de la PDI de Atacama, detuvieron a tres personas de nacionalidad chilena, entre ellos un menor de edad, por el delito flagrante de infracci\u00f3n a la Ley de Control de Armas y Explosivos.<\/p>\n\n\n\n<p>A ra\u00edz de una investigaci\u00f3n coordinada con la Fiscal\u00eda,&nbsp; detectives establecieron, a trav\u00e9s de diversas diligencias investigativas, la participaci\u00f3n de un menor de 17 a\u00f1os de edad, como l\u00edder de una banda criminal que cometi\u00f3 diversos delitos violentos en Copiap\u00f3.<\/p>\n\n\n\n<p>Las indagatorias permitieron posicionar al sujeto en el delito de Robo con Intimidaci\u00f3n perpetrado al servicentro Copec el 29 de septiembre del a\u00f1o pasado, donde intimidan con armas de fuego a las v\u00edctimas sustrayendo diversas especies, delito que adem\u00e1s fue cometido en un veh\u00edculo que lograron sustraer momentos antes.<\/p>\n\n\n\n<p>Asimismo, se registra su participaci\u00f3n en el Robo con Violencia cometido en la estaci\u00f3n de servicio Petrobras el d\u00eda 11 del pasado mes de abril, cuando la banda criminal ingresa al recinto utilizando armas de fuego, lesionan a la cajera y sustraen especies. El \u00faltimo episodio de violencia registrado ocurri\u00f3 en el supermercado Betania el 22 de abril, cuando ingresa con una escopeta intimidando a los trabajadores, sin embargo, este delito es presenciado por un funcionario policial que logra repeler el ataque.<\/p>\n\n\n\n<p>Durante la madrugada del jueves, lograron la&nbsp; detenci\u00f3n del sujeto,&nbsp; incautando una escopeta calibre 12 mil\u00edmetros con cinco cartuchos y una r\u00e9plica de pistola glock utilizada en los delitos, un revolver calibre 22, dos cartuchos de escopeta calibre 20 y un cartucho calibre 22, as\u00ed como tambi\u00e9n,&nbsp; prendas de vestir utilizadas en los delitos investigados y especies sustra\u00eddas.<\/p>\n\n\n\n<p>El sujeto, qued\u00f3 a disposici\u00f3n del Juzgado de Garant\u00eda de Copiap\u00f3 para el control de detenci\u00f3n correspondiente<\/p>\n","protected":false},"excerpt":{"rendered":"<p>Detectives de la Brigada Investigadora de Robos (BIRO) de la PDI de Atacama, detuvieron a tres personas de nacionalidad chilena, entre ellos un menor de&hellip; <\/p>\n","protected":false},"author":2,"featured_media":24220,"comment_status":"open","ping_status":"closed","sticky":false,"template":"","format":"standard","meta":{"footnotes":""},"categories":[7,6],"tags":[],"class_list":["post-24219","post","type-post","status-publish","format-standard","has-post-thumbnail","hentry","category-atacama","category-policial"],"_links":{"self":[{"href":"https:\/\/www.radioamigavallenar.cl\/index.php?rest_route=\/wp\/v2\/posts\/24219","targetHints":{"allow":["GET"]}}],"collection":[{"href":"https:\/\/www.radioamigavallenar.cl\/index.php?rest_route=\/wp\/v2\/posts"}],"about":[{"href":"https:\/\/www.radioamigavallenar.cl\/index.php?rest_route=\/wp\/v2\/types\/post"}],"author":[{"embeddable":true,"href":"https:\/\/www.radioamigavallenar.cl\/index.php?rest_route=\/wp\/v2\/users\/2"}],"replies":[{"embeddable":true,"href":"https:\/\/www.radioamigavallenar.cl\/index.php?rest_route=%2Fwp%2Fv2%2Fcomments&post=24219"}],"version-history":[{"count":0,"href":"https:\/\/www.radioamigavallenar.cl\/index.php?rest_route=\/wp\/v2\/posts\/24219\/revisions"}],"wp:featuredmedia":[{"embeddable":true,"href":"https:\/\/www.radioamigavallenar.cl\/index.php?rest_route=\/wp\/v2\/media\/24220"}],"wp:attachment":[{"href":"https:\/\/www.radioamigavallenar.cl\/index.php?rest_route=%2Fwp%2Fv2%2Fmedia&parent=24219"}],"wp:term":[{"taxonomy":"category","embeddable":true,"href":"https:\/\/www.radioamigavallenar.cl\/index.php?rest_route=%2Fwp%2Fv2%2Fcategories&post=24219"},{"taxonomy":"post_tag","embeddable":true,"href":"https:\/\/www.radioamigavallenar.cl\/index.php?rest_route=%2Fwp%2Fv2%2Ftags&post=24219"}],"curies":[{"name":"wp","href":"https:\/\/api.w.org\/{rel}","templated":true}]}}