{"id":24208,"date":"2020-05-14T11:34:09","date_gmt":"2020-05-14T15:34:09","guid":{"rendered":"https:\/\/www.radioamigavallenar.cl\/?p=24208"},"modified":"2020-05-14T11:34:10","modified_gmt":"2020-05-14T15:34:10","slug":"autoridades-se-reunen-con-trabajadores-de-cmp-para-informar-la-ley-de-proteccion-del-empleo","status":"publish","type":"post","link":"https:\/\/www.radioamigavallenar.cl\/?p=24208","title":{"rendered":"Autoridades se re\u00fanen con trabajadores de CMP para informar la ley de protecci\u00f3n del empleo"},"content":{"rendered":"\n<div class=\"wp-block-image\"><figure class=\"aligncenter size-large\"><img loading=\"lazy\" decoding=\"async\" width=\"725\" height=\"371\" src=\"https:\/\/www.radioamigavallenar.cl\/wp-content\/uploads\/2020\/05\/cmp-1.png\" alt=\"\" class=\"wp-image-24209\" srcset=\"https:\/\/www.radioamigavallenar.cl\/wp-content\/uploads\/2020\/05\/cmp-1.png 725w, https:\/\/www.radioamigavallenar.cl\/wp-content\/uploads\/2020\/05\/cmp-1-300x154.png 300w\" sizes=\"auto, (max-width: 725px) 100vw, 725px\" \/><\/figure><\/div>\n\n\n\n<p><strong>En la oportunidad, los servicios de Trabajo y Previsi\u00f3n Social y Miner\u00eda verifican el cumplimiento de las medidas sanitarias recomendadas por la autoridad de salud para el desarrollo de la actividad minera.<\/strong><\/p>\n\n\n\n<p>Hasta las instalaciones de la faena planta magnetita de CMP ubicado en Tierra Amarilla, llegado el Seremi del Trabajo y Previsi\u00f3n Social, Carlos Leal junto al Seremi de Miner\u00eda, Cristi\u00e1n Alvayai para explicar a los trabajadores y trabajadores en qu\u00e9 consiste la ley de Protecci\u00f3n del empleo .<\/p>\n\n\n\n<p>El Seremi del Trabajo y Previsi\u00f3n social espec\u00edficamente \u00abes muy importante dar a conocer a los trabajadores y trabajadores que es esta ley, aclarando sus dudas y desmintiendo mitos que se han generado, principalmente, en redes sociales\u00bb.<\/p>\n\n\n\n<p>La autoridad recalc\u00f3 que \u201cFrente a la amenaza de la pandemia del covid 19, la estrategia del Gobierno se ha concentrado en tres grandes amenazas: primero, proteger la salud y la vida de todos nuestros compatriotas.&nbsp;Segundo, garantizar el suministro de bienes esenciales a aquellos que se encuentran confinados en sus hogares.&nbsp;Y, en tercer lugar, nos hemos preocupado de proteger los empleos y los ingresos de los trabajadores.&nbsp;De proteger y ayudar a las pymes a superar esta crisis y tambi\u00e9n dar el mayor impulso posible al funcionamiento de nuestra econom\u00eda \u201d.<\/p>\n\n\n\n<p>Por su parte el Seremi de Miner\u00eda, Cristi\u00e1n Alvayai especific\u00f3 \u201cla visita a CMP junto al Seremi del Trabajo y Previsi\u00f3n Social, Carlos Leal, es una gran oportunidad para poder observar en el terreno cuales son las medidas de prevenci\u00f3n que ha tomado la industria minera en este tiempo de pandemia del coronavirus, hemos detectado c\u00f3mo exitosamente hemos implementado medidas como el distanciamiento f\u00edsico entre los trabajadores, las medidas de sanitizaci\u00f3n necesarias y, adem\u00e1s, protocolos estrictos de higiene dentro de las operaciones mineras \u201d<\/p>\n\n\n\n<p>El Seremi recalc\u00f3 que \u201cen la oportunidad, pudimos conversar con trabajadores de la empresa y contratistas sobre la ley de protecci\u00f3n del empleo y la ley de teletrabajo y trabajo a distancia es por eso que el llamado es a mantener las medidas de control dentro de las faenas mineras y hacer exitoso en la regi\u00f3n previniendo el avance del coronavirus \u201d<\/p>\n\n\n\n<p>Carolina Lomuscio, Gerente de Personas de Compa\u00f1\u00eda Minera del Pac\u00edfico se\u00f1al\u00f3 \u201cAgradecemos a los Seremis de Trabajo y Miner\u00eda de Atacama por la visita a nuestra planta Magnetita.&nbsp;Para nosotros es importante que las autoridades regionales puedan verificar en terreno las medidas que hemos tomado durante la pandemia.&nbsp;Para CMP cuidar la salud de nuestros trabajadores, colaboradores, sus familias y nuestras comunidades es nuestro principal objetivo \u201d.<\/p>\n\n\n\n<p>Eduardo Ahumada, personal de Gerencia de desarrollo y proyecto de la empresa R&amp;Q que presta servicios a CMP especific\u00f3 \u201csinceramente, encuentro s\u00faper valorable y pro activo por parte del Gobierno el entregamos la informaci\u00f3n en terreno de la ley de protecci\u00f3n de empleo y la ley de teletrabajo o trabajo a distancia porque siempre hay dudas sobre esto porque son temas nuevos.&nbsp;Pero, el que vengan y entreguen la informaci\u00f3n a nuestros trabajadores lo encuentro s\u00faper valorable.<\/p>\n\n\n\n<p>Grabar que, esta ley busca establecer medidas extraordinarias y de car\u00e1cter transitorio, para proteger la estabilidad de los ingresos y las fuentes laborales para un grupo importante de trabajadores que no pueden prestar servicios o deben ajustar sus jornadas de trabajo a causa de la enfermedad Covid- 19)<\/p>\n\n\n\n<p>Asimismo, es importante destacar que, los trabajadores acceden a prestaciones y complementos con carga a las prestaciones de cesant\u00eda cuando exista: suspensi\u00f3n del contrato de trabajo por acto de autoridad;&nbsp;pacto de suspensi\u00f3n del contrato de trabajo o pacto de reducci\u00f3n temporal de la jornada de trabajo.&nbsp;Y el tr\u00e1mite lo debe hacer el empleador en la p\u00e1gina www.afc.cl y en el caso de reducci\u00f3n de jornada laboral se efect\u00faa en la Direcci\u00f3n del Trabajo&nbsp;<a href=\"http:\/\/www.dt.gob.cl\/\">www.dt.gob.cl<\/a><\/p>\n\n\n\n<p>En la oportunidad, las autoridades aprovecharon de explicar en qu\u00e9 consiste la ley de teletrabajo y \/ o trabajo a distancia.&nbsp;Adem\u00e1s de, verificar el cumplimiento de las medidas sanitarias recomendadas por la autoridad sanitaria revisando comedores y lugares de convivencia de los trabajadores.<\/p>\n","protected":false},"excerpt":{"rendered":"<p>En la oportunidad, los servicios de Trabajo y Previsi\u00f3n Social y Miner\u00eda verifican el cumplimiento de las medidas sanitarias recomendadas por la autoridad de salud&hellip; <\/p>\n","protected":false},"author":2,"featured_media":24209,"comment_status":"open","ping_status":"closed","sticky":false,"template":"","format":"standard","meta":{"footnotes":""},"categories":[7,34],"tags":[],"class_list":["post-24208","post","type-post","status-publish","format-standard","has-post-thumbnail","hentry","category-atacama","category-mineria"],"_links":{"self":[{"href":"https:\/\/www.radioamigavallenar.cl\/index.php?rest_route=\/wp\/v2\/posts\/24208","targetHints":{"allow":["GET"]}}],"collection":[{"href":"https:\/\/www.radioamigavallenar.cl\/index.php?rest_route=\/wp\/v2\/posts"}],"about":[{"href":"https:\/\/www.radioamigavallenar.cl\/index.php?rest_route=\/wp\/v2\/types\/post"}],"author":[{"embeddable":true,"href":"https:\/\/www.radioamigavallenar.cl\/index.php?rest_route=\/wp\/v2\/users\/2"}],"replies":[{"embeddable":true,"href":"https:\/\/www.radioamigavallenar.cl\/index.php?rest_route=%2Fwp%2Fv2%2Fcomments&post=24208"}],"version-history":[{"count":0,"href":"https:\/\/www.radioamigavallenar.cl\/index.php?rest_route=\/wp\/v2\/posts\/24208\/revisions"}],"wp:featuredmedia":[{"embeddable":true,"href":"https:\/\/www.radioamigavallenar.cl\/index.php?rest_route=\/wp\/v2\/media\/24209"}],"wp:attachment":[{"href":"https:\/\/www.radioamigavallenar.cl\/index.php?rest_route=%2Fwp%2Fv2%2Fmedia&parent=24208"}],"wp:term":[{"taxonomy":"category","embeddable":true,"href":"https:\/\/www.radioamigavallenar.cl\/index.php?rest_route=%2Fwp%2Fv2%2Fcategories&post=24208"},{"taxonomy":"post_tag","embeddable":true,"href":"https:\/\/www.radioamigavallenar.cl\/index.php?rest_route=%2Fwp%2Fv2%2Ftags&post=24208"}],"curies":[{"name":"wp","href":"https:\/\/api.w.org\/{rel}","templated":true}]}}