{"id":23993,"date":"2020-05-09T09:07:41","date_gmt":"2020-05-09T13:07:41","guid":{"rendered":"https:\/\/www.radioamigavallenar.cl\/?p=23993"},"modified":"2020-05-09T09:07:42","modified_gmt":"2020-05-09T13:07:42","slug":"mejores-expectativas-del-consumo-de-bienes-y-produccion-impulsan-precio-del-cobre","status":"publish","type":"post","link":"https:\/\/www.radioamigavallenar.cl\/?p=23993","title":{"rendered":"Mejores expectativas del consumo de bienes y producci\u00f3n impulsan precio del cobre"},"content":{"rendered":"\n<div class=\"wp-block-image\"><figure class=\"aligncenter size-large\"><img loading=\"lazy\" decoding=\"async\" width=\"640\" height=\"422\" src=\"https:\/\/www.radioamigavallenar.cl\/wp-content\/uploads\/2020\/05\/Fundicion-Caletones-Division-El-Teniente-Codelco_019.jpg\" alt=\"\" class=\"wp-image-23994\" srcset=\"https:\/\/www.radioamigavallenar.cl\/wp-content\/uploads\/2020\/05\/Fundicion-Caletones-Division-El-Teniente-Codelco_019.jpg 640w, https:\/\/www.radioamigavallenar.cl\/wp-content\/uploads\/2020\/05\/Fundicion-Caletones-Division-El-Teniente-Codelco_019-300x198.jpg 300w\" sizes=\"auto, (max-width: 640px) 100vw, 640px\" \/><\/figure><\/div>\n\n\n\n<p>Al progresivo desbloqueo de econom\u00edas desarrolladas en algunos pa\u00edses de la Uni\u00f3n Europea y Estados Unidos, se suma el hecho que en abril China registr\u00f3 un alza significativa en sus importaciones cupr\u00edferas.<\/p>\n\n\n\n<p>Ayer viernes, la\u00a0Bolsa de Metales de Londres\u00a0estuvo cerrada, ante lo cual el \u00faltimo indicador disponible corresponde al\u00a0jueves 07, cuando el precio del cobre se situ\u00f3 en\u00a0cUS$237,1 la libra, un\u00a0alza de 3,3%\u00a0respecto del viernes anterior , comportamiento que seg\u00fan el\u00a0<a rel=\"noreferrer noopener\" href=\"https:\/\/www.cochilco.cl\/Mercado%20de%20Metales\/MERC%202020%2005%2008.pdf?utm_source=emBlue&amp;utm_medium=email&amp;utm_campaign=La%20Rueda&amp;utm_content=INFORME%20SEMANAL%20DEL%20MERCADO%20INTERNACIONAL%20DEL%20COBRE%2005\/08\/2020--INFORME%20SEMANAL%20DEL%20MERCADO%20INTERNACIONAL%20DEL%20COBRE&amp;utm_term=COCHILCO2019--6--none--60-70--ENVIO%20SIMPLE&amp;embtrk=5b9bl-R-30102114-R-5j5b-R-5b6im4:\" target=\"_blank\"><strong>Informe Semanal del Mercado Internacional del Cobre<\/strong><\/a>\u00a0elaborado por\u00a0Cochilco,<strong>\u00a0<\/strong>se explica principalmente por tres razones.<\/p>\n\n\n\n<p>Una tiene relaci\u00f3n con el\u00a0progresivo desbloqueo de econom\u00edas desarrolladas\u00a0en algunos pa\u00edses de la Uni\u00f3n Europea y Estados Unidos, que mejor\u00f3 las\u00a0expectativas de recuperaci\u00f3n del consumo de bienes y producci\u00f3n, induciendo el alza del valor de los activos de renta variable en las principales plazas burs\u00e1tiles a nivel global. Parte de este impulso en las expectativas se transfiri\u00f3 a los commodities.<\/p>\n\n\n\n<p>A ello se suma que en abril\u00a0China\u00a0registr\u00f3 un\u00a0alza significativa en sus importaciones de cobre\u00a0(13,9% en refinado y 22,5% en concentrados de cobre).<\/p>\n\n\n\n<p>Junto con ello, persiste la\u00a0ca\u00edda en los inventarios de cobre refinado en bolsas de metales, de 6,8% la presente semana y 20% en las \u00faltimas tres semanas.<\/p>\n\n\n\n<h3 class=\"has-text-align-center wp-block-heading\">Proyecciones poco auspiciosas<\/h3>\n\n\n\n<p>Pese este\u00a0positivo\u00a0escenario, el an\u00e1lisis de Cochilco puntualiza que el\u00a0precio del cobre no logra superar los cUS$240 la libra desde el 13 de marzo.\u00a0Esto, debido a que los\u00a0fundamentos de la demanda global de cobre para 2020 son pesimistas. En tanto, las\u00a0previsiones de recortes de producci\u00f3n\u00a0de cobre a nivel mundial conocidas a la fecha,\u00a0no ser\u00edan suficientes para eliminar el super\u00e1vit de metal\u00a0previsto para el presente a\u00f1o.<\/p>\n\n\n\n<p>Cabe destacar que, pese a que durante abril las\u00a0importaciones chinas de cobre bruto\u00a0(refinado, \u00e1nodos y productos semielaborados de cobre) registraron un alza anualizada de\u00a013,9%,\u00a0y las de\u00a0concentrados de cobre\u00a0un\u00a022,5%, otras cifras pusieron en alerta al mercado.<\/p>\n\n\n\n<p>Es as\u00ed como las\u00a0importaciones de bienes y servicios retrocedieron a una tasa anualizada de 14,2% en abril, frente a la baja de 1% registrada en marzo. Por el contrario, las\u00a0exportaciones se expandieron 3,5%\u00a0en abril frente a la baja de 6,6% en marzo.<\/p>\n\n\n\n<p>Estas estad\u00edsticas de comercio exterior evidencian que el\u00a0consumo dom\u00e9stico de China aun presenta un fuerte retroceso, y el\u00a0aumento exhibido por las exportaciones de abril probablemente se revertir\u00e1 en los pr\u00f3ximos meses.<\/p>\n","protected":false},"excerpt":{"rendered":"<p>Al progresivo desbloqueo de econom\u00edas desarrolladas en algunos pa\u00edses de la Uni\u00f3n Europea y Estados Unidos, se suma el hecho que en abril China registr\u00f3&hellip; <\/p>\n","protected":false},"author":2,"featured_media":23994,"comment_status":"open","ping_status":"closed","sticky":false,"template":"","format":"standard","meta":{"footnotes":""},"categories":[34],"tags":[],"class_list":["post-23993","post","type-post","status-publish","format-standard","has-post-thumbnail","hentry","category-mineria"],"_links":{"self":[{"href":"https:\/\/www.radioamigavallenar.cl\/index.php?rest_route=\/wp\/v2\/posts\/23993","targetHints":{"allow":["GET"]}}],"collection":[{"href":"https:\/\/www.radioamigavallenar.cl\/index.php?rest_route=\/wp\/v2\/posts"}],"about":[{"href":"https:\/\/www.radioamigavallenar.cl\/index.php?rest_route=\/wp\/v2\/types\/post"}],"author":[{"embeddable":true,"href":"https:\/\/www.radioamigavallenar.cl\/index.php?rest_route=\/wp\/v2\/users\/2"}],"replies":[{"embeddable":true,"href":"https:\/\/www.radioamigavallenar.cl\/index.php?rest_route=%2Fwp%2Fv2%2Fcomments&post=23993"}],"version-history":[{"count":0,"href":"https:\/\/www.radioamigavallenar.cl\/index.php?rest_route=\/wp\/v2\/posts\/23993\/revisions"}],"wp:featuredmedia":[{"embeddable":true,"href":"https:\/\/www.radioamigavallenar.cl\/index.php?rest_route=\/wp\/v2\/media\/23994"}],"wp:attachment":[{"href":"https:\/\/www.radioamigavallenar.cl\/index.php?rest_route=%2Fwp%2Fv2%2Fmedia&parent=23993"}],"wp:term":[{"taxonomy":"category","embeddable":true,"href":"https:\/\/www.radioamigavallenar.cl\/index.php?rest_route=%2Fwp%2Fv2%2Fcategories&post=23993"},{"taxonomy":"post_tag","embeddable":true,"href":"https:\/\/www.radioamigavallenar.cl\/index.php?rest_route=%2Fwp%2Fv2%2Ftags&post=23993"}],"curies":[{"name":"wp","href":"https:\/\/api.w.org\/{rel}","templated":true}]}}