{"id":23986,"date":"2020-05-09T09:04:03","date_gmt":"2020-05-09T13:04:03","guid":{"rendered":"https:\/\/www.radioamigavallenar.cl\/?p=23986"},"modified":"2020-05-09T09:04:04","modified_gmt":"2020-05-09T13:04:04","slug":"diputado-noman-hace-llamado-a-la-cmf-a-habilitar-una-plataforma-que-reciba-las-denuncias-de-los-usuarios-afectados","status":"publish","type":"post","link":"https:\/\/www.radioamigavallenar.cl\/?p=23986","title":{"rendered":"Diputado Noman hace llamado a la CMF a habilitar una plataforma que reciba las denuncias de los usuarios afectados"},"content":{"rendered":"\n<div class=\"wp-block-image\"><figure class=\"aligncenter size-large\"><img loading=\"lazy\" decoding=\"async\" width=\"800\" height=\"533\" src=\"https:\/\/www.radioamigavallenar.cl\/wp-content\/uploads\/2020\/05\/FOTO-NOMAN-CON-MASCARIILA-800x533-1.jpeg\" alt=\"\" class=\"wp-image-23987\" srcset=\"https:\/\/www.radioamigavallenar.cl\/wp-content\/uploads\/2020\/05\/FOTO-NOMAN-CON-MASCARIILA-800x533-1.jpeg 800w, https:\/\/www.radioamigavallenar.cl\/wp-content\/uploads\/2020\/05\/FOTO-NOMAN-CON-MASCARIILA-800x533-1-300x200.jpeg 300w, https:\/\/www.radioamigavallenar.cl\/wp-content\/uploads\/2020\/05\/FOTO-NOMAN-CON-MASCARIILA-800x533-1-768x512.jpeg 768w\" sizes=\"auto, (max-width: 800px) 100vw, 800px\" \/><\/figure><\/div>\n\n\n\n<p><strong>Esto, explico el parlamentario por Atacama, porque las que instituciones financieras estar\u00edan solicitando m\u00e1s requisitos de los que define la ley para beneficiar a peque\u00f1as empresas.<\/strong><\/p>\n\n\n\n<p>En el marco de la implementaci\u00f3n de la ley del Fondo de Garant\u00eda para Peque\u00f1os Empresarios, con el objeto de hacer frente a los efectos que genera la falta de impulso de trabajo y, con ello, enfrentar las m\u00faltiples obligaciones laborales, financieras y de cualquier otra \u00edndole que implica el emprendimiento, es que el diputado Nicol\u00e1s Noman ofici\u00f3 a&nbsp;la Comisi\u00f3n para el Mercado Financiero (CMF), con el prop\u00f3sito de pedir que se efect\u00fae una fiscalizaci\u00f3n a los bancos en entrega de cr\u00e9ditos del Fondo de Garant\u00eda para Peque\u00f1os Empresarios (Fogape).<\/p>\n\n\n\n<p>Y el parlamentario por Atacama fue m\u00e1s all\u00e1 y solicit\u00f3 a la CMF que &nbsp;Joaqu\u00edn Cortez, su &nbsp;presidente instruya a quienes corresponda&nbsp;a habilitar una plataforma que reciba las denuncias de los usuarios afectados.<\/p>\n\n\n\n<p>Esto, explic\u00f3 Noman porque \u201cm\u00e1s all\u00e1 de las bondades del sistema, han existido denuncias en torno al mal uso, por parte de algunos bancos de este mecanismo, generando en algunos casos abusos y en otros derechamente un fraude a la ley, mediante el no respeto del esp\u00edritu de la misma\u201d.<\/p>\n\n\n\n<p>Con todo, el legislador fue enf\u00e1tico en se\u00f1alar que \u201cse debe promover una oportunidad concreta de acceso a beneficios que el Estado otorga para estos emprendedores, y tomar las medidas necesarias para que ella se cumpla\u201d.<\/p>\n\n\n\n<p>En concreto, el diputado Nicol\u00e1s Noman pidi\u00f3 que se le informe acerca de la manera en que los bancos est\u00e1n implementando la ley FOGAPE y las principales anomal\u00edas que de acuerdo a su examen han generado en perjuicio de los peque\u00f1os y medianos emprendedores.<\/p>\n","protected":false},"excerpt":{"rendered":"<p>Esto, explico el parlamentario por Atacama, porque las que instituciones financieras estar\u00edan solicitando m\u00e1s requisitos de los que define la ley para beneficiar a peque\u00f1as&hellip; <\/p>\n","protected":false},"author":2,"featured_media":23987,"comment_status":"open","ping_status":"closed","sticky":false,"template":"","format":"standard","meta":{"footnotes":""},"categories":[7,1],"tags":[],"class_list":["post-23986","post","type-post","status-publish","format-standard","has-post-thumbnail","hentry","category-atacama","category-provincia-del-huasco-2"],"_links":{"self":[{"href":"https:\/\/www.radioamigavallenar.cl\/index.php?rest_route=\/wp\/v2\/posts\/23986","targetHints":{"allow":["GET"]}}],"collection":[{"href":"https:\/\/www.radioamigavallenar.cl\/index.php?rest_route=\/wp\/v2\/posts"}],"about":[{"href":"https:\/\/www.radioamigavallenar.cl\/index.php?rest_route=\/wp\/v2\/types\/post"}],"author":[{"embeddable":true,"href":"https:\/\/www.radioamigavallenar.cl\/index.php?rest_route=\/wp\/v2\/users\/2"}],"replies":[{"embeddable":true,"href":"https:\/\/www.radioamigavallenar.cl\/index.php?rest_route=%2Fwp%2Fv2%2Fcomments&post=23986"}],"version-history":[{"count":0,"href":"https:\/\/www.radioamigavallenar.cl\/index.php?rest_route=\/wp\/v2\/posts\/23986\/revisions"}],"wp:featuredmedia":[{"embeddable":true,"href":"https:\/\/www.radioamigavallenar.cl\/index.php?rest_route=\/wp\/v2\/media\/23987"}],"wp:attachment":[{"href":"https:\/\/www.radioamigavallenar.cl\/index.php?rest_route=%2Fwp%2Fv2%2Fmedia&parent=23986"}],"wp:term":[{"taxonomy":"category","embeddable":true,"href":"https:\/\/www.radioamigavallenar.cl\/index.php?rest_route=%2Fwp%2Fv2%2Fcategories&post=23986"},{"taxonomy":"post_tag","embeddable":true,"href":"https:\/\/www.radioamigavallenar.cl\/index.php?rest_route=%2Fwp%2Fv2%2Ftags&post=23986"}],"curies":[{"name":"wp","href":"https:\/\/api.w.org\/{rel}","templated":true}]}}