{"id":23981,"date":"2020-05-08T11:20:21","date_gmt":"2020-05-08T15:20:21","guid":{"rendered":"https:\/\/www.radioamigavallenar.cl\/?p=23981"},"modified":"2020-05-08T11:20:22","modified_gmt":"2020-05-08T15:20:22","slug":"atacama-suma-15-nuevos-casos-de-coronavirus-y-supera-los-102-contagiados","status":"publish","type":"post","link":"https:\/\/www.radioamigavallenar.cl\/?p=23981","title":{"rendered":"ATACAMA suma 15 nuevos casos de Coronavirus y supera los 102 contagiados"},"content":{"rendered":"\n<div class=\"wp-block-image\"><figure class=\"aligncenter size-large\"><img decoding=\"async\" src=\"https:\/\/www.radioamigavallenar.cl\/wp-content\/uploads\/2020\/04\/claudio-baeza.jpg\" alt=\"\" class=\"wp-image-23236\"\/><\/figure><\/div>\n\n\n\n<p><strong>Se trata del n\u00famero m\u00e1s alto desde el comienzo de la pandemia en la regi\u00f3n.<\/strong><\/p>\n\n\n\n<p>Las autoridades de la salud informaron este viernes sobre los nuevos casos de la enfermedad en la regi\u00f3n, reportando 15 nuevos casos positivos, lo cuales&nbsp; pertenecen nueve a la comuna de Vallenar, de ellos siete tienen nexos epidemiol\u00f3gicos con casos confirmados anteriormente y dos est\u00e1n en estudio epidemiol\u00f3gico.<\/p>\n\n\n\n<p>Los otros cinco casos pertenecen a la comuna de Copiap\u00f3. De ellos, dos tienen nexos con casos confirmados en nuestra regi\u00f3n y tres est\u00e1n en estudio epidemiol\u00f3gico encabezado por la Autoridad Sanitaria.<\/p>\n\n\n\n<p>En tanto, el caso de la comuna de Caldera corresponde a una consulta espont\u00e1nea sin nexo epidemiol\u00f3gico. Por lo que est\u00e1 siendo investigado por equipo de epidemiolog\u00eda.<\/p>\n\n\n\n<p>El Laboratorio de la Universidad de Atacama proces\u00f3 los ex\u00e1menes para su posterior confirmaci\u00f3n. La Autoridad Sanitaria contin\u00faa con el seguimiento y vigilancia de los quince nuevos casos en la regi\u00f3n.<\/p>\n\n\n\n<p>Con esta confirmaci\u00f3n, la Regi\u00f3n de Atacama actualmente registra 102 casos positivos de Coronavirus.<\/p>\n\n\n\n<p>Cabe resaltar que catorce de los casos de Atacama no se reflejan en la estad\u00edstica nacional dado que los resultados se obtuvieron despu\u00e9s del horario de corte diario del informe nacional.<\/p>\n\n\n\n<p>Las autoridades de salud reiteraron el llamado a la responsabilidad y a extremar las medidas de prevenci\u00f3n, como el lavado frecuente de manos con agua y jab\u00f3n, el distanciamiento f\u00edsico, no salir de sus hogares, salvo que sea estrictamente necesario y la utilizaci\u00f3n de mascarillas en transporte p\u00fablico, en ascensores y lugares con m\u00e1s de diez personas.<\/p>\n","protected":false},"excerpt":{"rendered":"<p>Se trata del n\u00famero m\u00e1s alto desde el comienzo de la pandemia en la regi\u00f3n. Las autoridades de la salud informaron este viernes sobre los&hellip; <\/p>\n","protected":false},"author":2,"featured_media":0,"comment_status":"open","ping_status":"closed","sticky":false,"template":"","format":"standard","meta":{"footnotes":""},"categories":[7],"tags":[],"class_list":["post-23981","post","type-post","status-publish","format-standard","hentry","category-atacama"],"_links":{"self":[{"href":"https:\/\/www.radioamigavallenar.cl\/index.php?rest_route=\/wp\/v2\/posts\/23981","targetHints":{"allow":["GET"]}}],"collection":[{"href":"https:\/\/www.radioamigavallenar.cl\/index.php?rest_route=\/wp\/v2\/posts"}],"about":[{"href":"https:\/\/www.radioamigavallenar.cl\/index.php?rest_route=\/wp\/v2\/types\/post"}],"author":[{"embeddable":true,"href":"https:\/\/www.radioamigavallenar.cl\/index.php?rest_route=\/wp\/v2\/users\/2"}],"replies":[{"embeddable":true,"href":"https:\/\/www.radioamigavallenar.cl\/index.php?rest_route=%2Fwp%2Fv2%2Fcomments&post=23981"}],"version-history":[{"count":0,"href":"https:\/\/www.radioamigavallenar.cl\/index.php?rest_route=\/wp\/v2\/posts\/23981\/revisions"}],"wp:attachment":[{"href":"https:\/\/www.radioamigavallenar.cl\/index.php?rest_route=%2Fwp%2Fv2%2Fmedia&parent=23981"}],"wp:term":[{"taxonomy":"category","embeddable":true,"href":"https:\/\/www.radioamigavallenar.cl\/index.php?rest_route=%2Fwp%2Fv2%2Fcategories&post=23981"},{"taxonomy":"post_tag","embeddable":true,"href":"https:\/\/www.radioamigavallenar.cl\/index.php?rest_route=%2Fwp%2Fv2%2Ftags&post=23981"}],"curies":[{"name":"wp","href":"https:\/\/api.w.org\/{rel}","templated":true}]}}