{"id":23974,"date":"2020-05-08T07:25:48","date_gmt":"2020-05-08T11:25:48","guid":{"rendered":"https:\/\/www.radioamigavallenar.cl\/?p=23974"},"modified":"2020-05-08T07:25:49","modified_gmt":"2020-05-08T11:25:49","slug":"pucobre-e-injuv-donan-juegos-didacticos-para-potenciar-rutinas-recreativas-en-residencias-y-centro-de-justicia-juvenil-atacama","status":"publish","type":"post","link":"https:\/\/www.radioamigavallenar.cl\/?p=23974","title":{"rendered":"PUCOBRE e INJUV donan juegos did\u00e1cticos para potenciar rutinas recreativas en residencias y Centro de Justicia Juvenil Atacama"},"content":{"rendered":"\n<div class=\"wp-block-image\"><figure class=\"aligncenter size-large is-resized\"><img loading=\"lazy\" decoding=\"async\" src=\"https:\/\/www.radioamigavallenar.cl\/wp-content\/uploads\/2020\/05\/DONACION-2.jpg\" alt=\"\" class=\"wp-image-23975\" width=\"571\" height=\"428\" srcset=\"https:\/\/www.radioamigavallenar.cl\/wp-content\/uploads\/2020\/05\/DONACION-2.jpg 519w, https:\/\/www.radioamigavallenar.cl\/wp-content\/uploads\/2020\/05\/DONACION-2-300x225.jpg 300w\" sizes=\"auto, (max-width: 571px) 100vw, 571px\" \/><\/figure><\/div>\n\n\n\n<p>Hasta las oficinas de Sename Atacama se traslad\u00f3 la directora regional del Injuv, Francisca Z\u00e1rate, para reunirse con su directora regional, Carolina Cort\u00e9s, y hacer entrega de la donaci\u00f3n de material l\u00fadico-did\u00e1ctico, destinado a favorecer y potenciar las rutinas y actividades recreativas y de aprendizaje de ni\u00f1os, ni\u00f1as, adolescentes y j\u00f3venes -en tiempos de aislamiento preventivo- que permanecen en las residencias de protecci\u00f3n de la regi\u00f3n y en el Centro de Justicia Juvenil de Copiap\u00f3.&nbsp;&nbsp;&nbsp;&nbsp;&nbsp;&nbsp;&nbsp;&nbsp;&nbsp;&nbsp;&nbsp;&nbsp;&nbsp;&nbsp;&nbsp;&nbsp;&nbsp;&nbsp;&nbsp;&nbsp;&nbsp;&nbsp;&nbsp;&nbsp;&nbsp;&nbsp;&nbsp;&nbsp;&nbsp;&nbsp;&nbsp;&nbsp;&nbsp;&nbsp;&nbsp;&nbsp;&nbsp;&nbsp;&nbsp;&nbsp;&nbsp;&nbsp;&nbsp;&nbsp;&nbsp;&nbsp;&nbsp;&nbsp;&nbsp;&nbsp;&nbsp;&nbsp;&nbsp;&nbsp;&nbsp;&nbsp;&nbsp;&nbsp;&nbsp;&nbsp;&nbsp;&nbsp;&nbsp;&nbsp;&nbsp;&nbsp;&nbsp;&nbsp;&nbsp;&nbsp;&nbsp;&nbsp;&nbsp;<\/p>\n\n\n\n<p>La medida, que est\u00e1 siendo replicada en todos los recintos residenciales administrados por organismos colaboradores acreditados (Ocas) de Sename y en los de administraci\u00f3n directa como el Centro de Internaci\u00f3n Provisoria (CIP) y el Centro de R\u00e9gimen Cerrado (CRC) , fue adoptada en funci\u00f3n de la preocupaci\u00f3n por el estado de salud integral de los usuarios, dada la sensaci\u00f3n de ansiedad e incertidumbre que est\u00e1 provocando el Covid-19. \u201dEstamos frente a una situaci\u00f3n de crisis sanitaria que tambi\u00e9n afecta a nuestros j\u00f3venes que requiere de nuestra contenci\u00f3n y oferta program\u00e1tica, y m\u00e1s a\u00fan sentimos como gobierno la importancia de contribuir a trav\u00e9s del sector p\u00fablico-privado en estas materias, sin faltar a los protocolos existentes que proh\u00edben el ingreso a las residencias, &nbsp;por lo cual decidimos entregarle los 14 juegos de mesa para el bienestar de su salud f\u00edsica y mental que fueron aportados por la Empresa Regional Minera Pucobre y nosotros como equipo INJUV a Sename\u201d, indic\u00f3 Francisca Z\u00e1rate.&nbsp;&nbsp;&nbsp;&nbsp;&nbsp;&nbsp;&nbsp;&nbsp;&nbsp;&nbsp;&nbsp;&nbsp;&nbsp;&nbsp;&nbsp;&nbsp;&nbsp;&nbsp;&nbsp;&nbsp;&nbsp;<\/p>\n\n\n\n<p>Por su parte, la directora regional del Sename en Atacama, Carolina Cort\u00e9s, se\u00f1al\u00f3 que \u201cEsta donaci\u00f3n nos pone muy contetos como servicio puesto que tenemos que fortalecer las rutinas de los ni\u00f1os y nil\u00f1as que actualmente est\u00e1n en una situaci\u00f3n de aislamiento preventivo, por lo tanto requerimos que puedan tener entretenci\u00f3n m\u00e1s all\u00e1 de lo que implica la formaci\u00f3n acad\u00e9mica la cual tambi\u00e9n se est\u00e1 potenciando. Esta contribuci\u00f3n por parte del intersector, es importante por el inter\u00e9s y la necesidad de que se preste una colaboraci\u00f3n efectiva en relaci\u00f3n a un compromiso que existe con la ni\u00f1ez y la adolescencia en Chile y sobre todo respecto de la m\u00e1s vulnerable y que requiere del apoyo de todas las instancias\u201d, manifest\u00f3.<\/p>\n","protected":false},"excerpt":{"rendered":"<p>Hasta las oficinas de Sename Atacama se traslad\u00f3 la directora regional del Injuv, Francisca Z\u00e1rate, para reunirse con su directora regional, Carolina Cort\u00e9s, y hacer&hellip; <\/p>\n","protected":false},"author":2,"featured_media":23975,"comment_status":"open","ping_status":"closed","sticky":false,"template":"","format":"standard","meta":{"footnotes":""},"categories":[7],"tags":[],"class_list":["post-23974","post","type-post","status-publish","format-standard","has-post-thumbnail","hentry","category-atacama"],"_links":{"self":[{"href":"https:\/\/www.radioamigavallenar.cl\/index.php?rest_route=\/wp\/v2\/posts\/23974","targetHints":{"allow":["GET"]}}],"collection":[{"href":"https:\/\/www.radioamigavallenar.cl\/index.php?rest_route=\/wp\/v2\/posts"}],"about":[{"href":"https:\/\/www.radioamigavallenar.cl\/index.php?rest_route=\/wp\/v2\/types\/post"}],"author":[{"embeddable":true,"href":"https:\/\/www.radioamigavallenar.cl\/index.php?rest_route=\/wp\/v2\/users\/2"}],"replies":[{"embeddable":true,"href":"https:\/\/www.radioamigavallenar.cl\/index.php?rest_route=%2Fwp%2Fv2%2Fcomments&post=23974"}],"version-history":[{"count":0,"href":"https:\/\/www.radioamigavallenar.cl\/index.php?rest_route=\/wp\/v2\/posts\/23974\/revisions"}],"wp:featuredmedia":[{"embeddable":true,"href":"https:\/\/www.radioamigavallenar.cl\/index.php?rest_route=\/wp\/v2\/media\/23975"}],"wp:attachment":[{"href":"https:\/\/www.radioamigavallenar.cl\/index.php?rest_route=%2Fwp%2Fv2%2Fmedia&parent=23974"}],"wp:term":[{"taxonomy":"category","embeddable":true,"href":"https:\/\/www.radioamigavallenar.cl\/index.php?rest_route=%2Fwp%2Fv2%2Fcategories&post=23974"},{"taxonomy":"post_tag","embeddable":true,"href":"https:\/\/www.radioamigavallenar.cl\/index.php?rest_route=%2Fwp%2Fv2%2Ftags&post=23974"}],"curies":[{"name":"wp","href":"https:\/\/api.w.org\/{rel}","templated":true}]}}