{"id":23899,"date":"2020-05-06T11:07:20","date_gmt":"2020-05-06T15:07:20","guid":{"rendered":"https:\/\/www.radioamigavallenar.cl\/?p=23899"},"modified":"2020-05-06T11:07:21","modified_gmt":"2020-05-06T15:07:21","slug":"diputada-cid-propone-implementar-sistema-de-aislamiento-para-conductores-de-locomocion-colectiva","status":"publish","type":"post","link":"https:\/\/www.radioamigavallenar.cl\/?p=23899","title":{"rendered":"Diputada Cid propone implementar sistema de aislamiento para conductores de locomoci\u00f3n colectiva"},"content":{"rendered":"\n<div class=\"wp-block-image\"><figure class=\"aligncenter size-large\"><img loading=\"lazy\" decoding=\"async\" width=\"900\" height=\"600\" src=\"https:\/\/www.radioamigavallenar.cl\/wp-content\/uploads\/2020\/01\/sofia-cid-desempleo-enero-2020-scaled-1.jpg\" alt=\"\" class=\"wp-image-20554\" srcset=\"https:\/\/www.radioamigavallenar.cl\/wp-content\/uploads\/2020\/01\/sofia-cid-desempleo-enero-2020-scaled-1.jpg 900w, https:\/\/www.radioamigavallenar.cl\/wp-content\/uploads\/2020\/01\/sofia-cid-desempleo-enero-2020-scaled-1-300x200.jpg 300w, https:\/\/www.radioamigavallenar.cl\/wp-content\/uploads\/2020\/01\/sofia-cid-desempleo-enero-2020-scaled-1-768x512.jpg 768w\" sizes=\"auto, (max-width: 900px) 100vw, 900px\" \/><\/figure><\/div>\n\n\n\n<p>Para mantener activo y protegido este servicio del Coronavirus.<\/p>\n\n\n\n<p>Dada la actual situaci\u00f3n que vive el pa\u00eds y la regi\u00f3n de Atacama, respecto de la forma y la manera en que se est\u00e1 desarrollando la pandemia del COVID-19y adem\u00e1s de la necesidad real que existe de poder enfrentar la llamada \u201cnueva normalidad\u201d es que la Diputada Sof\u00eda Cid propuso una interesante medida de protecci\u00f3n que se podr\u00eda aplicar en el mundo del transporte de pasajeros.<\/p>\n\n\n\n<p>El mecanismo en s\u00ed, se trata de una especie de cabina de pl\u00e1stico transparente, la cual es instalable en veh\u00edculos menores, que permitir\u00e1n un aislamiento del conductor, respecto de los pasajeros. \u201cConsidero que es una idea simple, pero de mucha utilidad, que se puede aplicar en estos meses de emergencia sanitaria, dado que se hace muy necesario que los servicios de transporte de pasajeros se mantengan activos, estos desde dos perspectivas, mientras que por un lado este servicios en muy requerido por la ciudadan\u00eda, que necesita trasladarse para hacer compras o ir a atenciones m\u00e9dicas, incluso para aquellos que se mantienen trabajando fuera de sus casas, como tambi\u00e9n que los propios trabajadores del transporte p\u00fablico puedan realizar su labor, lo que les llevar el sustento a sus hogares\u201d, dijo la Diputada Sof\u00eda Cid.<\/p>\n\n\n\n<p>Por lo anterior, es que la parlamentaria de RN por Atacama despacho los respectivos oficios, a nivel regional al Intendente, como a la Ministra de Transporte y al Seremi de la misma cartera, \u201ca fin de implementar las siguientes medidas para hacer frente a la crisis sanitaria del COVID-19\u201d, donde se detalla de un \u201csistema de aislamiento para los conductores de taxis, colectivos, transporte p\u00fablico mayor, transporte escolar y buses interurbanos en la Regi\u00f3n de Atacama, como proyecto financiable por v\u00eda del FNDR u otros fondos disponibles para dicho efecto\u201d. Adem\u00e1s se indic\u00f3 en los mismos oficios de un \u201csistema de pago que evite el contacto entre el conductor de transporte p\u00fablico y el pasajero, con car\u00e1cter de obligatorio para el transporte p\u00fablico menor y mayor en la Regi\u00f3n de Atacama, como proyecto financiable por v\u00eda del FNDR u otros fondos disponibles para dicho efecto\u201d.<\/p>\n\n\n\n<p>\u201cCuando responsablemente estamos hablando de la \u201cnueva normalidad\u201d nos estamos refiriendo a este tipo de acciones, que nos obligar\u00e1n por lo menos por unos cuantos meses a tomar este tipo de resguardos y no la caricatura que hace la Oposici\u00f3n, con visiones catastrofistas. Debemos ser pr\u00e1cticos y eficaces en las medidas a implementar, y creo que esto va en esa direcci\u00f3n\u201d finaliz\u00f3 la Diputada Cid.<\/p>\n","protected":false},"excerpt":{"rendered":"<p>Para mantener activo y protegido este servicio del Coronavirus. Dada la actual situaci\u00f3n que vive el pa\u00eds y la regi\u00f3n de Atacama, respecto de la&hellip; <\/p>\n","protected":false},"author":2,"featured_media":20554,"comment_status":"open","ping_status":"closed","sticky":false,"template":"","format":"standard","meta":{"footnotes":""},"categories":[7],"tags":[],"class_list":["post-23899","post","type-post","status-publish","format-standard","has-post-thumbnail","hentry","category-atacama"],"_links":{"self":[{"href":"https:\/\/www.radioamigavallenar.cl\/index.php?rest_route=\/wp\/v2\/posts\/23899","targetHints":{"allow":["GET"]}}],"collection":[{"href":"https:\/\/www.radioamigavallenar.cl\/index.php?rest_route=\/wp\/v2\/posts"}],"about":[{"href":"https:\/\/www.radioamigavallenar.cl\/index.php?rest_route=\/wp\/v2\/types\/post"}],"author":[{"embeddable":true,"href":"https:\/\/www.radioamigavallenar.cl\/index.php?rest_route=\/wp\/v2\/users\/2"}],"replies":[{"embeddable":true,"href":"https:\/\/www.radioamigavallenar.cl\/index.php?rest_route=%2Fwp%2Fv2%2Fcomments&post=23899"}],"version-history":[{"count":0,"href":"https:\/\/www.radioamigavallenar.cl\/index.php?rest_route=\/wp\/v2\/posts\/23899\/revisions"}],"wp:featuredmedia":[{"embeddable":true,"href":"https:\/\/www.radioamigavallenar.cl\/index.php?rest_route=\/wp\/v2\/media\/20554"}],"wp:attachment":[{"href":"https:\/\/www.radioamigavallenar.cl\/index.php?rest_route=%2Fwp%2Fv2%2Fmedia&parent=23899"}],"wp:term":[{"taxonomy":"category","embeddable":true,"href":"https:\/\/www.radioamigavallenar.cl\/index.php?rest_route=%2Fwp%2Fv2%2Fcategories&post=23899"},{"taxonomy":"post_tag","embeddable":true,"href":"https:\/\/www.radioamigavallenar.cl\/index.php?rest_route=%2Fwp%2Fv2%2Ftags&post=23899"}],"curies":[{"name":"wp","href":"https:\/\/api.w.org\/{rel}","templated":true}]}}