{"id":23894,"date":"2020-05-06T10:55:34","date_gmt":"2020-05-06T14:55:34","guid":{"rendered":"https:\/\/www.radioamigavallenar.cl\/?p=23894"},"modified":"2020-05-06T10:55:35","modified_gmt":"2020-05-06T14:55:35","slug":"continua-proceso-de-sanitizacion-en-todos-los-sectores-de-vallenar-incluyendo-areas-rurales","status":"publish","type":"post","link":"https:\/\/www.radioamigavallenar.cl\/?p=23894","title":{"rendered":"Contin\u00faa proceso de sanitizaci\u00f3n en todos los sectores de Vallenar incluyendo \u00e1reas rurales"},"content":{"rendered":"\n<figure class=\"wp-block-gallery columns-2 is-cropped wp-block-gallery-1 is-layout-flex wp-block-gallery-is-layout-flex\"><ul class=\"blocks-gallery-grid\"><li class=\"blocks-gallery-item\"><figure><img loading=\"lazy\" decoding=\"async\" width=\"1024\" height=\"768\" src=\"https:\/\/www.radioamigavallenar.cl\/wp-content\/uploads\/2020\/05\/IMG-20200505-WA0026-1024x768.jpg\" alt=\"\" data-id=\"23895\" data-full-url=\"https:\/\/www.radioamigavallenar.cl\/wp-content\/uploads\/2020\/05\/IMG-20200505-WA0026.jpg\" data-link=\"https:\/\/www.radioamigavallenar.cl\/?attachment_id=23895\" class=\"wp-image-23895\" srcset=\"https:\/\/www.radioamigavallenar.cl\/wp-content\/uploads\/2020\/05\/IMG-20200505-WA0026-1024x768.jpg 1024w, https:\/\/www.radioamigavallenar.cl\/wp-content\/uploads\/2020\/05\/IMG-20200505-WA0026-300x225.jpg 300w, https:\/\/www.radioamigavallenar.cl\/wp-content\/uploads\/2020\/05\/IMG-20200505-WA0026-768x576.jpg 768w, https:\/\/www.radioamigavallenar.cl\/wp-content\/uploads\/2020\/05\/IMG-20200505-WA0026.jpg 1280w\" sizes=\"auto, (max-width: 1024px) 100vw, 1024px\" \/><\/figure><\/li><li class=\"blocks-gallery-item\"><figure><img loading=\"lazy\" decoding=\"async\" width=\"1024\" height=\"768\" src=\"https:\/\/www.radioamigavallenar.cl\/wp-content\/uploads\/2020\/05\/IMG-20200505-WA0037-1024x768.jpg\" alt=\"\" data-id=\"23896\" data-full-url=\"https:\/\/www.radioamigavallenar.cl\/wp-content\/uploads\/2020\/05\/IMG-20200505-WA0037.jpg\" data-link=\"https:\/\/www.radioamigavallenar.cl\/?attachment_id=23896\" class=\"wp-image-23896\" srcset=\"https:\/\/www.radioamigavallenar.cl\/wp-content\/uploads\/2020\/05\/IMG-20200505-WA0037-1024x768.jpg 1024w, https:\/\/www.radioamigavallenar.cl\/wp-content\/uploads\/2020\/05\/IMG-20200505-WA0037-300x225.jpg 300w, https:\/\/www.radioamigavallenar.cl\/wp-content\/uploads\/2020\/05\/IMG-20200505-WA0037-768x576.jpg 768w, https:\/\/www.radioamigavallenar.cl\/wp-content\/uploads\/2020\/05\/IMG-20200505-WA0037.jpg 1280w\" sizes=\"auto, (max-width: 1024px) 100vw, 1024px\" \/><\/figure><\/li><\/ul><\/figure>\n\n\n\n<p>La Municipalidad de Vallenar no cesa en su af\u00e1n de seguir combatiendo la expansi\u00f3n del coronavirus y, a pesar del aumento reciente de casos positivos, el alcalde Cristian Tapia Ramos, con el apoyo del concejo municipal, ha planificado un completo programa de santificaci\u00f3n en diversos sectores de la comuna, incluyendo poblaciones altas y zonas rurales.<\/p>\n\n\n\n<p>Para este efecto, el municipio cuenta con dos m\u00f3viles, uno propio y otro aportado por la empresa Imopac, los cuales vienen operando desde hace un mes a la fecha, de lunes a viernes, alcanzado la mayor\u00eda de los sectores poblacionales, incluso, este trabajo se ha extendido hasta las localidades rurales de Incahuasi, Domeyko y Cachiyuyo<\/p>\n\n\n\n<p>\u201cEfectivamente, contin\u00faan los operativos y, en este sentido, agradezco a la empresa de Cementos Mel\u00f3n, presente ac\u00e1 en la provincia, que llego con un cami\u00f3n con el cual se fumigaron los paraderos de micros y taxis colectivos del centro, para dar mayor seguridad a la gente; tambi\u00e9n anoche sanitizamos toda la Villa Concepci\u00f3n, ahora estamos esperando que nos llegue m\u00e1s l\u00edquido para seguir con este trabajo. A lo mejor, esto la gente no lo ve, porque lo estamos haciendo de noche, pero ah\u00ed est\u00e1n las fotos y videos para su tranquilidad\u201d, subray\u00f3 al respecto el alcalde Cristian Tapia.<\/p>\n\n\n\n<figure class=\"wp-block-audio\"><audio controls src=\"https:\/\/www.radioamigavallenar.cl\/wp-content\/uploads\/2020\/05\/alcalde-por-sanitizacion.mp3\"><\/audio><\/figure>\n","protected":false},"excerpt":{"rendered":"<p>La Municipalidad de Vallenar no cesa en su af\u00e1n de seguir combatiendo la expansi\u00f3n del coronavirus y, a pesar del aumento reciente de casos positivos,&hellip; <\/p>\n","protected":false},"author":2,"featured_media":23895,"comment_status":"open","ping_status":"closed","sticky":false,"template":"","format":"standard","meta":{"footnotes":""},"categories":[1,2],"tags":[],"class_list":["post-23894","post","type-post","status-publish","format-standard","has-post-thumbnail","hentry","category-provincia-del-huasco-2","category-vallenar"],"_links":{"self":[{"href":"https:\/\/www.radioamigavallenar.cl\/index.php?rest_route=\/wp\/v2\/posts\/23894","targetHints":{"allow":["GET"]}}],"collection":[{"href":"https:\/\/www.radioamigavallenar.cl\/index.php?rest_route=\/wp\/v2\/posts"}],"about":[{"href":"https:\/\/www.radioamigavallenar.cl\/index.php?rest_route=\/wp\/v2\/types\/post"}],"author":[{"embeddable":true,"href":"https:\/\/www.radioamigavallenar.cl\/index.php?rest_route=\/wp\/v2\/users\/2"}],"replies":[{"embeddable":true,"href":"https:\/\/www.radioamigavallenar.cl\/index.php?rest_route=%2Fwp%2Fv2%2Fcomments&post=23894"}],"version-history":[{"count":0,"href":"https:\/\/www.radioamigavallenar.cl\/index.php?rest_route=\/wp\/v2\/posts\/23894\/revisions"}],"wp:featuredmedia":[{"embeddable":true,"href":"https:\/\/www.radioamigavallenar.cl\/index.php?rest_route=\/wp\/v2\/media\/23895"}],"wp:attachment":[{"href":"https:\/\/www.radioamigavallenar.cl\/index.php?rest_route=%2Fwp%2Fv2%2Fmedia&parent=23894"}],"wp:term":[{"taxonomy":"category","embeddable":true,"href":"https:\/\/www.radioamigavallenar.cl\/index.php?rest_route=%2Fwp%2Fv2%2Fcategories&post=23894"},{"taxonomy":"post_tag","embeddable":true,"href":"https:\/\/www.radioamigavallenar.cl\/index.php?rest_route=%2Fwp%2Fv2%2Ftags&post=23894"}],"curies":[{"name":"wp","href":"https:\/\/api.w.org\/{rel}","templated":true}]}}