{"id":23891,"date":"2020-05-06T07:30:20","date_gmt":"2020-05-06T11:30:20","guid":{"rendered":"https:\/\/www.radioamigavallenar.cl\/?p=23891"},"modified":"2020-05-06T07:30:21","modified_gmt":"2020-05-06T11:30:21","slug":"fono-atacama-salud-suma-atencion-psicologica-a-su-plataforma-de-atencion-medica","status":"publish","type":"post","link":"https:\/\/www.radioamigavallenar.cl\/?p=23891","title":{"rendered":"Fono Atacama Salud suma atenci\u00f3n psicol\u00f3gica a su plataforma de atenci\u00f3n m\u00e9dica"},"content":{"rendered":"\n<div class=\"wp-block-image\"><figure class=\"aligncenter size-large\"><img loading=\"lazy\" decoding=\"async\" width=\"1024\" height=\"768\" src=\"https:\/\/www.radioamigavallenar.cl\/wp-content\/uploads\/2020\/05\/fono-atacama-salud-1024x768.jpg\" alt=\"\" class=\"wp-image-23892\" srcset=\"https:\/\/www.radioamigavallenar.cl\/wp-content\/uploads\/2020\/05\/fono-atacama-salud-1024x768.jpg 1024w, https:\/\/www.radioamigavallenar.cl\/wp-content\/uploads\/2020\/05\/fono-atacama-salud-300x225.jpg 300w, https:\/\/www.radioamigavallenar.cl\/wp-content\/uploads\/2020\/05\/fono-atacama-salud-768x576.jpg 768w, https:\/\/www.radioamigavallenar.cl\/wp-content\/uploads\/2020\/05\/fono-atacama-salud.jpg 1280w\" sizes=\"auto, (max-width: 1024px) 100vw, 1024px\" \/><\/figure><\/div>\n\n\n\n<p>El brote de la enfermedad del Coronavirus sin lugar a dudas puede resultar estresante para algunas personas. El temor y la ansiedad con respecto a una nueva enfermedad pueden ser agobiantes y generar emociones fuertes tanto en adultos como en ni\u00f1os, por lo que, la Unidad de Salud Mental del Servicio de Salud Atacama ha decidido entregar apoyo psicol\u00f3gico a trav\u00e9s del Fono Atacama Salud 800 360 335 frente a la pandemia de Coronavirus en la regi\u00f3n de Atacama.<\/p>\n\n\n\n<p>\u201cDentro del plan regional de Salud Mental quisimos integrar atenci\u00f3n psicol\u00f3gica a trav\u00e9s de nuestro Fono Atacama Salud para entregar apoyo a la comunidad de Atacama que lo necesite. &nbsp;Cuando un usuario llame a al 800 360 335 ser\u00e1 evaluado por m\u00e9dico y si sospecha necesidad de un apoyo psicosocial se derivar\u00e1 inmediatamente a un psic\u00f3logo cl\u00ednico\u201d destac\u00f3 el Director del Servicio de Salud, Claudio Baeza.<\/p>\n\n\n\n<p>M\u00e1s de 700 llamados registra hasta la fecha este Call Center enfoc\u00e1ndose en orientaci\u00f3n cl\u00ednica, informaci\u00f3n de la Red Asistencial, consultas y sospechas sobre Coronavirus, vacunas, entre otras m\u00e1s. \u201cGracias a la incorporaci\u00f3n psicol\u00f3gica al Fono Atacama Salud cuando un usuario est\u00e9 con alg\u00fan problema emocional o que tenga dificultades para continuar con sus atenciones de salud mental le podremos entregar un primer apoyo psicol\u00f3gico y contener a este usuario\u201d enfatiz\u00f3 el Jefe de la Red Asistencial.<\/p>\n\n\n\n<p>\u201cHasta ahora llevamos un registro de todas las atenciones y se han generado perfiles asociados a la contingencia como ansiedad, estr\u00e9s, acompa\u00f1amiento, miedo, entre otros. Como equipo de Salud Mental sabemos lo que la pandemia puede provocar en las personas y es por esto que hacemos un llamado a la comunidad a que nos contacte para que nuestro equipo les pueda otorgar una atenci\u00f3n de calidad y oportuna\u201d ratific\u00f3 el Dr. Esteban Ricke, Jefe Unidad Salud Mental del Servicio de Salud.<\/p>\n\n\n\n<p>Atenci\u00f3n psicol\u00f3gica que se suma la odontol\u00f3gica, m\u00e9dica y de enfermer\u00eda. Cabe destacar que Fono Atacama Salud es una l\u00ednea gratuita que funciona de lunes a viernes desde las 8.30 hrs. hasta las 19.30 hrs. con m\u00e9dicos, odont\u00f3logos, enfermeros y psic\u00f3logos que son parte del Servicio de Salud Atacama en beneficio de la comunidad de Atacama.<\/p>\n","protected":false},"excerpt":{"rendered":"<p>El brote de la enfermedad del Coronavirus sin lugar a dudas puede resultar estresante para algunas personas. El temor y la ansiedad con respecto a&hellip; <\/p>\n","protected":false},"author":2,"featured_media":23892,"comment_status":"open","ping_status":"closed","sticky":false,"template":"","format":"standard","meta":{"footnotes":""},"categories":[7],"tags":[],"class_list":["post-23891","post","type-post","status-publish","format-standard","has-post-thumbnail","hentry","category-atacama"],"_links":{"self":[{"href":"https:\/\/www.radioamigavallenar.cl\/index.php?rest_route=\/wp\/v2\/posts\/23891","targetHints":{"allow":["GET"]}}],"collection":[{"href":"https:\/\/www.radioamigavallenar.cl\/index.php?rest_route=\/wp\/v2\/posts"}],"about":[{"href":"https:\/\/www.radioamigavallenar.cl\/index.php?rest_route=\/wp\/v2\/types\/post"}],"author":[{"embeddable":true,"href":"https:\/\/www.radioamigavallenar.cl\/index.php?rest_route=\/wp\/v2\/users\/2"}],"replies":[{"embeddable":true,"href":"https:\/\/www.radioamigavallenar.cl\/index.php?rest_route=%2Fwp%2Fv2%2Fcomments&post=23891"}],"version-history":[{"count":0,"href":"https:\/\/www.radioamigavallenar.cl\/index.php?rest_route=\/wp\/v2\/posts\/23891\/revisions"}],"wp:featuredmedia":[{"embeddable":true,"href":"https:\/\/www.radioamigavallenar.cl\/index.php?rest_route=\/wp\/v2\/media\/23892"}],"wp:attachment":[{"href":"https:\/\/www.radioamigavallenar.cl\/index.php?rest_route=%2Fwp%2Fv2%2Fmedia&parent=23891"}],"wp:term":[{"taxonomy":"category","embeddable":true,"href":"https:\/\/www.radioamigavallenar.cl\/index.php?rest_route=%2Fwp%2Fv2%2Fcategories&post=23891"},{"taxonomy":"post_tag","embeddable":true,"href":"https:\/\/www.radioamigavallenar.cl\/index.php?rest_route=%2Fwp%2Fv2%2Ftags&post=23891"}],"curies":[{"name":"wp","href":"https:\/\/api.w.org\/{rel}","templated":true}]}}