{"id":23888,"date":"2020-05-06T07:28:37","date_gmt":"2020-05-06T11:28:37","guid":{"rendered":"https:\/\/www.radioamigavallenar.cl\/?p=23888"},"modified":"2020-05-06T07:28:38","modified_gmt":"2020-05-06T11:28:38","slug":"cmp-entrega-insumos-de-proteccion-a-personal-de-salud-e-implementara-barrera-sanitaria-nocturna-en-caldera","status":"publish","type":"post","link":"https:\/\/www.radioamigavallenar.cl\/?p=23888","title":{"rendered":"CMP entrega insumos de protecci\u00f3n a personal de salud e implementar\u00e1 barrera sanitaria nocturna en Caldera"},"content":{"rendered":"\n<div class=\"wp-block-image\"><figure class=\"aligncenter size-large\"><img loading=\"lazy\" decoding=\"async\" width=\"1024\" height=\"512\" src=\"https:\/\/www.radioamigavallenar.cl\/wp-content\/uploads\/2020\/05\/Cesfam-Caldera-1024x512-1.jpg\" alt=\"\" class=\"wp-image-23889\" srcset=\"https:\/\/www.radioamigavallenar.cl\/wp-content\/uploads\/2020\/05\/Cesfam-Caldera-1024x512-1.jpg 1024w, https:\/\/www.radioamigavallenar.cl\/wp-content\/uploads\/2020\/05\/Cesfam-Caldera-1024x512-1-300x150.jpg 300w, https:\/\/www.radioamigavallenar.cl\/wp-content\/uploads\/2020\/05\/Cesfam-Caldera-1024x512-1-768x384.jpg 768w\" sizes=\"auto, (max-width: 1024px) 100vw, 1024px\" \/><\/figure><\/div>\n\n\n\n<ul class=\"wp-block-list\"><li><strong>Los insumos m\u00e9dicos ir\u00e1n en directo beneficio de los profesionales de salud de primera l\u00ednea de la comuna.<\/strong><\/li><li><strong>La barrera sanitaria comenzar\u00e1 su funcionamiento hoy martes desde las 21:00 horas.<\/strong><\/li><\/ul>\n\n\n\n<p>En ceremonia realizada bajo estrictas medidas de salud y seguridad, Compa\u00f1\u00eda Minera del Pac\u00edfico hizo entrega de equipos de protecci\u00f3n y prevenci\u00f3n al Centro de Salud Familiar (Cesfam) de la comuna de Caldera. En la actividad particip\u00f3 la Alcaldesa, Brunilda Gonz\u00e1lez, el Subgerente de Sustentabilidad de CMP, Anibal Fern\u00e1ndez, el Subgerente de Operaciones del Valle de Copiap\u00f3 de CMP, Adolph M\u00f6ller, y la Directora del Cesfam, Mar\u00eda Jos\u00e9 Angulo.<\/p>\n\n\n\n<p>Los insumos van en directo apoyo de los funcionarios de la salud que trabajan en la primera l\u00ednea de la comuna, especialmente a quienes ejercen sus labores en el Servicio de Atenci\u00f3n Primaria de Urgencia (SAPU). Los materiales entregados fueron buzos de papel, mascarillas especiales N95, guantes quir\u00fargicos y protectores faciales.<\/p>\n\n\n\n<p>La alcaldesa de la comuna se\u00f1al\u00f3 que \u201cagradecemos a CMP, ya que estas acciones permiten hacer y mantener una alianza p\u00fablica y privada necesaria para cuidarnos entre todos. Este no es el primer aporte que nos hacen para apoyar a la comuna en \u00e9poca de Covid19, y quiz\u00e1s en otras instancias estos materiales ser\u00edan un aporte sin mayor significado, pero hoy se hacen primordiales para el cuidado de nuestros profesionales de la salud, sus equipos y tambi\u00e9n para la tranquilidad de nuestra comunidad\u201d.<\/p>\n\n\n\n<p>Por su parte, el Subgerente de Sustentabilidad de CMP, a\u00f1adi\u00f3 que \u201cnosotros queremos agradecer a la municipalidad por siempre hacernos participe de acciones comunitarias. Nadie est\u00e1 exento a contagiarse y estamos claros que la responsabilidad es de todos, en ese sentido, para CMP es importante poder mantener a las comunidades donde nosotros estamos funcionando lejos del riesgo de contagio. Estamos muy contentos y orgullosos con esta entrega para el personal de salud y as\u00ed puedan estar m\u00e1s protegidos y m\u00e1s seguros para la atenci\u00f3n de nuestros vecinos\u201d.<\/p>\n\n\n\n<p>La Directora del Cesfam de Caldera, Mar\u00eda Jos\u00e9 Angulo, agreg\u00f3 que \u201cnuestro SAPU funciona las 24 horas al d\u00eda, por lo tanto la exposici\u00f3n de nuestros profesionales es tremenda. Estos equipos de protecci\u00f3n nos van a ser muy \u00fatiles, ya que son de gran calidad. Agradecemos a CMP, porque estos equipos nos permite darles la seguridad y tranquilidad que tanto necesitan los funcionarios de primera l\u00ednea en la comuna de Caldera\u201d.<\/p>\n\n\n\n<p class=\"has-text-align-center\"><strong>Barrera Sanitara Nocturna<\/strong><\/p>\n\n\n\n<p>Tras la ceremonia, la alcaldesa y CMP aprovecharon la oportunidad para anunciar el inicio de una barrera sanitaria nocturna, para reforzar las medidas de ingreso de personas y veh\u00edculos al puerto. La autoridad comunal, se\u00f1al\u00f3 que esta iniciativa se solicit\u00f3 debido a que muchas personas no est\u00e1n respetando los toques de queda e ingresan durante la noche, sin ninguna medida ni resguardo para los habitantes de Caldera.<\/p>\n\n\n\n<p>Cabe destacar que esta medida de control, es una gesti\u00f3n de la Gerencia de Operaciones de CMP, y para su funcionamiento se han contratado s\u00f3lo a trabajadores de la comuna y funcionar\u00e1 desde las 21:00 hasta las 09:00 horas del d\u00eda siguiente.<\/p>\n\n\n\n<p>Adolph M\u00f6ller, Subgerente de Operaciones del Valle de Copiap\u00f3 de CMP, se\u00f1al\u00f3 que \u201csomos parte y tenemos un rol importante en nuestras comunidades con todas nuestras faenas. Invitamos a todos a que se cuiden mucho por favor, nos queda mucho por delante y pueden contar con nosotros para implementar todos nuestros esfuerzos y mantener este riesgo controlado\u201d.<\/p>\n","protected":false},"excerpt":{"rendered":"<p>Los insumos m\u00e9dicos ir\u00e1n en directo beneficio de los profesionales de salud de primera l\u00ednea de la comuna. La barrera sanitaria comenzar\u00e1 su funcionamiento hoy&hellip; <\/p>\n","protected":false},"author":2,"featured_media":23889,"comment_status":"open","ping_status":"closed","sticky":false,"template":"","format":"standard","meta":{"footnotes":""},"categories":[7],"tags":[],"class_list":["post-23888","post","type-post","status-publish","format-standard","has-post-thumbnail","hentry","category-atacama"],"_links":{"self":[{"href":"https:\/\/www.radioamigavallenar.cl\/index.php?rest_route=\/wp\/v2\/posts\/23888","targetHints":{"allow":["GET"]}}],"collection":[{"href":"https:\/\/www.radioamigavallenar.cl\/index.php?rest_route=\/wp\/v2\/posts"}],"about":[{"href":"https:\/\/www.radioamigavallenar.cl\/index.php?rest_route=\/wp\/v2\/types\/post"}],"author":[{"embeddable":true,"href":"https:\/\/www.radioamigavallenar.cl\/index.php?rest_route=\/wp\/v2\/users\/2"}],"replies":[{"embeddable":true,"href":"https:\/\/www.radioamigavallenar.cl\/index.php?rest_route=%2Fwp%2Fv2%2Fcomments&post=23888"}],"version-history":[{"count":0,"href":"https:\/\/www.radioamigavallenar.cl\/index.php?rest_route=\/wp\/v2\/posts\/23888\/revisions"}],"wp:featuredmedia":[{"embeddable":true,"href":"https:\/\/www.radioamigavallenar.cl\/index.php?rest_route=\/wp\/v2\/media\/23889"}],"wp:attachment":[{"href":"https:\/\/www.radioamigavallenar.cl\/index.php?rest_route=%2Fwp%2Fv2%2Fmedia&parent=23888"}],"wp:term":[{"taxonomy":"category","embeddable":true,"href":"https:\/\/www.radioamigavallenar.cl\/index.php?rest_route=%2Fwp%2Fv2%2Fcategories&post=23888"},{"taxonomy":"post_tag","embeddable":true,"href":"https:\/\/www.radioamigavallenar.cl\/index.php?rest_route=%2Fwp%2Fv2%2Ftags&post=23888"}],"curies":[{"name":"wp","href":"https:\/\/api.w.org\/{rel}","templated":true}]}}