{"id":23885,"date":"2020-05-06T07:26:36","date_gmt":"2020-05-06T11:26:36","guid":{"rendered":"https:\/\/www.radioamigavallenar.cl\/?p=23885"},"modified":"2020-05-06T07:26:37","modified_gmt":"2020-05-06T11:26:37","slug":"escuela-rural-moises-lopez-trujillo-de-canto-del-agua-utiliza-el-trabajo-en-familia-para-afrontar-la-cuarentena","status":"publish","type":"post","link":"https:\/\/www.radioamigavallenar.cl\/?p=23885","title":{"rendered":"Escuela Rural Mois\u00e9s L\u00f3pez Trujillo de Canto del Agua utiliza el trabajo en familia para afrontar la cuarentena"},"content":{"rendered":"\n<div class=\"wp-block-image\"><figure class=\"aligncenter size-large\"><img loading=\"lazy\" decoding=\"async\" width=\"1024\" height=\"768\" src=\"https:\/\/www.radioamigavallenar.cl\/wp-content\/uploads\/2020\/05\/Apoyo-Pedag\u00f3gico-Canto-del-Agua-3-1024x768.jpeg\" alt=\"\" class=\"wp-image-23886\" srcset=\"https:\/\/www.radioamigavallenar.cl\/wp-content\/uploads\/2020\/05\/Apoyo-Pedag\u00f3gico-Canto-del-Agua-3-1024x768.jpeg 1024w, https:\/\/www.radioamigavallenar.cl\/wp-content\/uploads\/2020\/05\/Apoyo-Pedag\u00f3gico-Canto-del-Agua-3-300x225.jpeg 300w, https:\/\/www.radioamigavallenar.cl\/wp-content\/uploads\/2020\/05\/Apoyo-Pedag\u00f3gico-Canto-del-Agua-3-768x576.jpeg 768w, https:\/\/www.radioamigavallenar.cl\/wp-content\/uploads\/2020\/05\/Apoyo-Pedag\u00f3gico-Canto-del-Agua-3.jpeg 1280w\" sizes=\"auto, (max-width: 1024px) 100vw, 1024px\" \/><\/figure><\/div>\n\n\n\n<p>Funcionarios del establecimiento asisten de manera presencial a los hogares de los estudiantes, tal como ocurre en todos los establecimientos rurales del territorio Huasco, reforzando la importancia del apoyo de las familias en este contexto.<\/p>\n\n\n\n<p>Distante alrededor de 90 km al norte de Huasco, se encuentra ubicada la Escuela Mois\u00e9s L\u00f3pez Trujillo de localidad de Canto del Agua, la cual alberga 14 ni\u00f1os y ni\u00f1as de esa localidad y tambi\u00e9n del sector de Llanos de Largarto. Como un objetivo primordial del establecimiento frente al receso escolar por el Covid-19, ha sido incentivar el trabajo en familia y que los apoderados se involucren en los aprendizajes de sus ni\u00f1os y ni\u00f1as.<\/p>\n\n\n\n<p>Para el profesor encargado de la Escuela Mois\u00e9s L\u00f3pez Trujillo, Eduardo Rodr\u00edguez Poyanco, \u201ceste proceso ha sido de aprendizaje y tambi\u00e9n ha sido la oportunidad de reinventarnos como profesores, ya que las familias de nuestra localidad est\u00e1n en desventaja en comparaci\u00f3n a las familias urbanas, distantes unas de otras y deb\u00edamos intencionar el trabajo con ellos\u201d agrega en el contexto de la suspensi\u00f3n de clases presenciales.<\/p>\n\n\n\n<p>La manera de comunicarse con los estudiantes y sus familias ha hecho que \u201ctodas las semanas asista el equipo de profesionales a hacer entrega de material pedag\u00f3gico impreso y tambi\u00e9n a retirar los trabajos ya realizados por los los y las estudiantes, donde tambi\u00e9n se les entregan recomendaciones a los apoderados para que apoyen a sus hijos\u201d, afirm\u00f3 el profesor.<\/p>\n\n\n\n<p>Esta oportunidad se utiliza tambi\u00e9n, para poder tener conocer la situaci\u00f3n de la familia, incluso se les ha entregado est\u00edmulos tanto a estudiantes, como apoderados, que han trabajado arduamente y con responsabilidad en este periodo.<\/p>\n\n\n\n<p>Cabe destacar que los estudiantes tambi\u00e9n recibieron las canastas y \u00fatiles escolares entregados por Junaeb y el Servicio Local de Educaci\u00f3n P\u00fablica \u2013SLEP- Huasco.<\/p>\n","protected":false},"excerpt":{"rendered":"<p>Funcionarios del establecimiento asisten de manera presencial a los hogares de los estudiantes, tal como ocurre en todos los establecimientos rurales del territorio Huasco, reforzando&hellip; <\/p>\n","protected":false},"author":2,"featured_media":23886,"comment_status":"open","ping_status":"closed","sticky":false,"template":"","format":"standard","meta":{"footnotes":""},"categories":[7,1],"tags":[],"class_list":["post-23885","post","type-post","status-publish","format-standard","has-post-thumbnail","hentry","category-atacama","category-provincia-del-huasco-2"],"_links":{"self":[{"href":"https:\/\/www.radioamigavallenar.cl\/index.php?rest_route=\/wp\/v2\/posts\/23885","targetHints":{"allow":["GET"]}}],"collection":[{"href":"https:\/\/www.radioamigavallenar.cl\/index.php?rest_route=\/wp\/v2\/posts"}],"about":[{"href":"https:\/\/www.radioamigavallenar.cl\/index.php?rest_route=\/wp\/v2\/types\/post"}],"author":[{"embeddable":true,"href":"https:\/\/www.radioamigavallenar.cl\/index.php?rest_route=\/wp\/v2\/users\/2"}],"replies":[{"embeddable":true,"href":"https:\/\/www.radioamigavallenar.cl\/index.php?rest_route=%2Fwp%2Fv2%2Fcomments&post=23885"}],"version-history":[{"count":0,"href":"https:\/\/www.radioamigavallenar.cl\/index.php?rest_route=\/wp\/v2\/posts\/23885\/revisions"}],"wp:featuredmedia":[{"embeddable":true,"href":"https:\/\/www.radioamigavallenar.cl\/index.php?rest_route=\/wp\/v2\/media\/23886"}],"wp:attachment":[{"href":"https:\/\/www.radioamigavallenar.cl\/index.php?rest_route=%2Fwp%2Fv2%2Fmedia&parent=23885"}],"wp:term":[{"taxonomy":"category","embeddable":true,"href":"https:\/\/www.radioamigavallenar.cl\/index.php?rest_route=%2Fwp%2Fv2%2Fcategories&post=23885"},{"taxonomy":"post_tag","embeddable":true,"href":"https:\/\/www.radioamigavallenar.cl\/index.php?rest_route=%2Fwp%2Fv2%2Ftags&post=23885"}],"curies":[{"name":"wp","href":"https:\/\/api.w.org\/{rel}","templated":true}]}}