{"id":23880,"date":"2020-05-06T07:24:12","date_gmt":"2020-05-06T11:24:12","guid":{"rendered":"https:\/\/www.radioamigavallenar.cl\/?p=23880"},"modified":"2020-05-06T07:24:33","modified_gmt":"2020-05-06T11:24:33","slug":"cementerio-municipal-permanecera-cerrado-durante-el-dia-de-la-madre","status":"publish","type":"post","link":"https:\/\/www.radioamigavallenar.cl\/?p=23880","title":{"rendered":"Cementerio Municipal de Vallenar permanecer\u00e1   cerrado durante el D\u00eda de la Madre"},"content":{"rendered":"\n<div class=\"wp-block-image\"><figure class=\"aligncenter size-large\"><img loading=\"lazy\" decoding=\"async\" width=\"720\" height=\"720\" src=\"https:\/\/www.radioamigavallenar.cl\/wp-content\/uploads\/2020\/05\/FB_IMG_1588708199647.jpg\" alt=\"\" class=\"wp-image-23881\" srcset=\"https:\/\/www.radioamigavallenar.cl\/wp-content\/uploads\/2020\/05\/FB_IMG_1588708199647.jpg 720w, https:\/\/www.radioamigavallenar.cl\/wp-content\/uploads\/2020\/05\/FB_IMG_1588708199647-300x300.jpg 300w, https:\/\/www.radioamigavallenar.cl\/wp-content\/uploads\/2020\/05\/FB_IMG_1588708199647-150x150.jpg 150w\" sizes=\"auto, (max-width: 720px) 100vw, 720px\" \/><\/figure><\/div>\n\n\n\n<p><strong>Medida adoptada por la Municipalidad de Vallenar recoge consejos y solicitudes de los equipos m\u00e9dicos que la estiman m\u00e1s que necesaria, ante una posible masiva asistencia al camposanto.<\/strong><\/p>\n\n\n\n<p>Ante la proximidad de la celebraci\u00f3n del D\u00eda de la Madre y, naturalmente, las proyecciones de quienes querr\u00e1n saludar a su progenitora que ha partido al Sue\u00f1o Eterno, visit\u00e1ndola en el Cementerio Municipal, el alcalde Cristian Tapia Ramos inform\u00f3 que este camposanto no se abrir\u00e1 en esa fecha, como una forma de prevenir nuevos contagios, al avizorar una masiva asistencia, tal como ya ocurri\u00f3 cuando se abri\u00f3 este recinto por dos d\u00edas hace algunas semanas atr\u00e1s.<\/p>\n\n\n\n<p>La autoridad edilicia aclar\u00f3 que \u201cno es una medida que haya adoptado de por s\u00ed el alcalde o el concejo municipal, sino que es una medida solicitada y avalada por los equipos m\u00e9dicos, debido a que es muy posible que se produzcan nuevos contagios, considerando tambi\u00e9n la gran concurrencia de adultos mayores\u201d.<\/p>\n\n\n\n<p>Enseguida, la primera autoridad comunal dej\u00f3 en claro que esta medida obedece al momento que estamos viviendo. \u201cEstamos en una curva totalmente ascendente, cada d\u00eda tenemos m\u00e1s contagios en el pa\u00eds. En Vallenar sumamos 23 casos al d\u00eda de hoy y es probable que luego tengamos m\u00e1s y ante eso tenemos que cuidarnos\u201d.<\/p>\n\n\n\n<p>El alcalde Tapia es consciente del peso de esta medida, pero insisti\u00f3 en la necesidad de seguir cuid\u00e1ndonos: \u201cCon el dolor de mi coraz\u00f3n, yo s\u00e9 que muchos querr\u00e1n ir a visitar a alg\u00fan familiar que est\u00e9 en el cementerio, pero busquemos otra forma de recordarla, para evitar que quien llegue hoy al Cementerio como visita, el d\u00eda de ma\u00f1ana lo haga cuando su cuerpo tenga que quedar all\u00ed definitivamente. Eso es lo que estamos evitando\u201d.<\/p>\n\n\n\n<figure class=\"wp-block-audio\"><audio controls src=\"https:\/\/www.radioamigavallenar.cl\/wp-content\/uploads\/2020\/05\/alcalde-por-cementerio.mp3\"><\/audio><\/figure>\n\n\n\n<p>Finalmente, indic\u00f3 que espera la comprensi\u00f3n de la comunidad vallenarina \u201cPuede ser una decisi\u00f3n muy impopular, pero cr\u00e9anme que se trata de una medida extremadamente necesaria, ya que todos los que saben de medicina nos est\u00e1n pidiendo que tomemos m\u00e1s medidas que las que hemos tomado hasta el momento\u201d, concluy\u00f3.<\/p>\n","protected":false},"excerpt":{"rendered":"<p>Medida adoptada por la Municipalidad de Vallenar recoge consejos y solicitudes de los equipos m\u00e9dicos que la estiman m\u00e1s que necesaria, ante una posible masiva&hellip; <\/p>\n","protected":false},"author":2,"featured_media":23881,"comment_status":"open","ping_status":"closed","sticky":false,"template":"","format":"standard","meta":{"footnotes":""},"categories":[1,2],"tags":[],"class_list":["post-23880","post","type-post","status-publish","format-standard","has-post-thumbnail","hentry","category-provincia-del-huasco-2","category-vallenar"],"_links":{"self":[{"href":"https:\/\/www.radioamigavallenar.cl\/index.php?rest_route=\/wp\/v2\/posts\/23880","targetHints":{"allow":["GET"]}}],"collection":[{"href":"https:\/\/www.radioamigavallenar.cl\/index.php?rest_route=\/wp\/v2\/posts"}],"about":[{"href":"https:\/\/www.radioamigavallenar.cl\/index.php?rest_route=\/wp\/v2\/types\/post"}],"author":[{"embeddable":true,"href":"https:\/\/www.radioamigavallenar.cl\/index.php?rest_route=\/wp\/v2\/users\/2"}],"replies":[{"embeddable":true,"href":"https:\/\/www.radioamigavallenar.cl\/index.php?rest_route=%2Fwp%2Fv2%2Fcomments&post=23880"}],"version-history":[{"count":0,"href":"https:\/\/www.radioamigavallenar.cl\/index.php?rest_route=\/wp\/v2\/posts\/23880\/revisions"}],"wp:featuredmedia":[{"embeddable":true,"href":"https:\/\/www.radioamigavallenar.cl\/index.php?rest_route=\/wp\/v2\/media\/23881"}],"wp:attachment":[{"href":"https:\/\/www.radioamigavallenar.cl\/index.php?rest_route=%2Fwp%2Fv2%2Fmedia&parent=23880"}],"wp:term":[{"taxonomy":"category","embeddable":true,"href":"https:\/\/www.radioamigavallenar.cl\/index.php?rest_route=%2Fwp%2Fv2%2Fcategories&post=23880"},{"taxonomy":"post_tag","embeddable":true,"href":"https:\/\/www.radioamigavallenar.cl\/index.php?rest_route=%2Fwp%2Fv2%2Ftags&post=23880"}],"curies":[{"name":"wp","href":"https:\/\/api.w.org\/{rel}","templated":true}]}}