{"id":23873,"date":"2020-05-06T07:12:56","date_gmt":"2020-05-06T11:12:56","guid":{"rendered":"https:\/\/www.radioamigavallenar.cl\/?p=23873"},"modified":"2020-05-06T07:13:24","modified_gmt":"2020-05-06T11:13:24","slug":"colegio-de-profesores-pide-aplicar-ya-propuestas-de-la-mesa-social-covid-19","status":"publish","type":"post","link":"https:\/\/www.radioamigavallenar.cl\/?p=23873","title":{"rendered":"Colegio de Profesores pide \u00abaplicar ya\u00bb propuestas de la Mesa Social Covid-19"},"content":{"rendered":"\n<div class=\"wp-block-image\"><figure class=\"aligncenter size-large\"><img loading=\"lazy\" decoding=\"async\" width=\"800\" height=\"450\" src=\"https:\/\/www.radioamigavallenar.cl\/wp-content\/uploads\/2020\/05\/aguilar-800x450-1.jpg\" alt=\"\" class=\"wp-image-23874\" srcset=\"https:\/\/www.radioamigavallenar.cl\/wp-content\/uploads\/2020\/05\/aguilar-800x450-1.jpg 800w, https:\/\/www.radioamigavallenar.cl\/wp-content\/uploads\/2020\/05\/aguilar-800x450-1-300x169.jpg 300w, https:\/\/www.radioamigavallenar.cl\/wp-content\/uploads\/2020\/05\/aguilar-800x450-1-768x432.jpg 768w\" sizes=\"auto, (max-width: 800px) 100vw, 800px\" \/><\/figure><\/div>\n\n\n\n<p>Mario Aguilar respald\u00f3 las recomendaciones de eliminar las repitencias, suspender el Simce y elaborar un curr\u00edculum de emergencia enfocado en el bienestar emocional.<\/p>\n\n\n\n<p>El presidente del Colegio de Profesores,\u00a0Mario Aguilar, pidi\u00f3 que el Gobierno comience a implementar\u00a0las propuestas formuladas por la Mesa Social Covid-19 en materia de educaci\u00f3n escolar,\u00a0para afrontar los efectos de la pandemia de coronavirus que mantiene suspendidas las clases presenciales desde marzo.<\/p>\n\n\n\n<p>Ayer martes se conoci\u00f3 que la instancia entreg\u00f3, hace dos semanas, al Ministerio de Educaci\u00f3n un documento basado en tres ejes: el bienestar de las comunidades escolares; la priorizaci\u00f3n curricular, ajustes evaluativos y de gesti\u00f3n, y la educaci\u00f3n remota.<\/p>\n\n\n\n<p>En ese marco, propuso, entre otras cosas,\u00a0eliminar las repitencias por este a\u00f1o, elaborar un\u00a0curr\u00edculum de emergencia\u00a0que sea v\u00e1lido por dos a\u00f1os, establecer criterios de promoci\u00f3n en base a\u00a0\u00abevaluaciones formativas\u00bb, todo ello \u00abreconociendo que para el aprendizaje ser\u00e1 indispensable primero lograr el\u00a0equilibrio emocional\u00ab, adem\u00e1s de\u00a0suspender la prueba Simce de este a\u00f1o.<\/p>\n\n\n\n<p>Luego de que el Ministerio de Salud informar\u00e1 de 1.373 casos nuevos de Covid-19, Aguilar afirm\u00f3 que los datos son \u00abmuy alarmantes, y ser\u00eda absolutamente irresponsable sostener la idea del&nbsp;retorno a clases&nbsp;en mayo\u00bb, que mencion\u00f3 el Presidente Sebasti\u00e1n Pi\u00f1era hace unas semanas.<\/p>\n\n\n\n<p>\u00abEn la misma l\u00ednea -sostuvo-,\u00a0hay que comenzar ya a aplicar algunas de las recomendaciones que han dado expertos de la propia Mesa Social, en el sentido de, por ejemplo, suspender el Simce, nos parece que no tiene ning\u00fan sentido, es absurdo, que se pretenda mantener el Simce en estas condiciones\u00bb.<\/p>\n\n\n\n<p>Tambi\u00e9n, subray\u00f3, \u00abrespecto al tema de\u00a0las adecuaciones curriculares, que deben tener su prioridad en el acompa\u00f1amiento emocional de nuestros estudiantes m\u00e1s que en la cobertura curricular estricta, como tambi\u00e9n en la\u00a0flexibilizaci\u00f3n respecto a las evaluaciones\u00ab.<\/p>\n\n\n\n<h2 class=\"has-text-align-center wp-block-heading\"><strong>\u00bfRetorno gradual tras dos semanas de bajas en contagios? \u00abCriterio no es suficiente\u00bb<\/strong><\/h2>\n\n\n\n<p>Por su parte, durante la entrega del balance diario, el&nbsp;<strong>ministro de Salud, Jaime Ma\u00f1alich<\/strong>, se refiri\u00f3 al planteamiento del ex titular \u00c1lvaro Erazo, integrante del Consejo Asesor Covid-19, quien aconsej\u00f3 que el retorno gradual a las aulas debe ser \u00absiempre que se cumpliera una serie de indicadores: en primer lugar, tener una curva de contagios en descenso por, al menos, dos semanas\u00bb.<\/p>\n\n\n\n<p><strong>\u00abCreo que concentrarse en un solo criterio num\u00e9rico, por ejemplo, que los casos nuevos est\u00e9n bajando dos semanas, no es suficiente.<\/strong>&nbsp;Puede ser un buen criterio, teneos que decidirlo con el ministro de Educaci\u00f3n, pero me parece complejo diferenciar comunas que tienen una incidencia de casos muy diferentes: es muy distinto volver a clases o retornar a una vida de cierta normalidad en comunas que tienen una muy baja incidencia, muy pocos casos, con otra comuna donde hay gran concentraci\u00f3n de casos\u00bb, expuso Ma\u00f1alich.<\/p>\n\n\n\n<p>Pi\u00f1era encabez\u00f3 hoy la reuni\u00f3n de la Mesa Social, y tiene agendado participar tambi\u00e9n en la del Consejo Asesor.<\/p>\n\n\n\n<p>Por su parte, el ministro de Educaci\u00f3n,\u00a0Ra\u00fal Figueroa, tambi\u00e9n fue parte de la Mesa, pero adem\u00e1s convers\u00f3 con la Asociaci\u00f3n Chilena de Municipalidad, la Asociaci\u00f3n de Municipalidades de Chile y la Asociaci\u00f3n de Municipalidades Rurales de la Regi\u00f3n Metropolitana, con las cuales abord\u00f3, entre otros temas, la coordinaci\u00f3n de un plan para el\u00a0regreso gradual a los colegios, para lo cual a\u00fan no hay fecha anunciada.<\/p>\n","protected":false},"excerpt":{"rendered":"<p>Mario Aguilar respald\u00f3 las recomendaciones de eliminar las repitencias, suspender el Simce y elaborar un curr\u00edculum de emergencia enfocado en el bienestar emocional. El presidente&hellip; <\/p>\n","protected":false},"author":2,"featured_media":23874,"comment_status":"open","ping_status":"closed","sticky":false,"template":"","format":"standard","meta":{"footnotes":""},"categories":[37],"tags":[],"class_list":["post-23873","post","type-post","status-publish","format-standard","has-post-thumbnail","hentry","category-nacional"],"_links":{"self":[{"href":"https:\/\/www.radioamigavallenar.cl\/index.php?rest_route=\/wp\/v2\/posts\/23873","targetHints":{"allow":["GET"]}}],"collection":[{"href":"https:\/\/www.radioamigavallenar.cl\/index.php?rest_route=\/wp\/v2\/posts"}],"about":[{"href":"https:\/\/www.radioamigavallenar.cl\/index.php?rest_route=\/wp\/v2\/types\/post"}],"author":[{"embeddable":true,"href":"https:\/\/www.radioamigavallenar.cl\/index.php?rest_route=\/wp\/v2\/users\/2"}],"replies":[{"embeddable":true,"href":"https:\/\/www.radioamigavallenar.cl\/index.php?rest_route=%2Fwp%2Fv2%2Fcomments&post=23873"}],"version-history":[{"count":0,"href":"https:\/\/www.radioamigavallenar.cl\/index.php?rest_route=\/wp\/v2\/posts\/23873\/revisions"}],"wp:featuredmedia":[{"embeddable":true,"href":"https:\/\/www.radioamigavallenar.cl\/index.php?rest_route=\/wp\/v2\/media\/23874"}],"wp:attachment":[{"href":"https:\/\/www.radioamigavallenar.cl\/index.php?rest_route=%2Fwp%2Fv2%2Fmedia&parent=23873"}],"wp:term":[{"taxonomy":"category","embeddable":true,"href":"https:\/\/www.radioamigavallenar.cl\/index.php?rest_route=%2Fwp%2Fv2%2Fcategories&post=23873"},{"taxonomy":"post_tag","embeddable":true,"href":"https:\/\/www.radioamigavallenar.cl\/index.php?rest_route=%2Fwp%2Fv2%2Ftags&post=23873"}],"curies":[{"name":"wp","href":"https:\/\/api.w.org\/{rel}","templated":true}]}}