{"id":23870,"date":"2020-05-06T07:11:03","date_gmt":"2020-05-06T11:11:03","guid":{"rendered":"https:\/\/www.radioamigavallenar.cl\/?p=23870"},"modified":"2020-05-06T07:11:04","modified_gmt":"2020-05-06T11:11:04","slug":"ministro-prokurica-recomienda-a-parlamento-andino-utilizar-incentivos-para-regular-la-mineria-ilegal","status":"publish","type":"post","link":"https:\/\/www.radioamigavallenar.cl\/?p=23870","title":{"rendered":"Ministro Prokurica recomienda a Parlamento Andino utilizar incentivos para regular la miner\u00eda ilegal"},"content":{"rendered":"\n<div class=\"wp-block-image\"><figure class=\"aligncenter size-large\"><img loading=\"lazy\" decoding=\"async\" width=\"800\" height=\"534\" src=\"https:\/\/www.radioamigavallenar.cl\/wp-content\/uploads\/2020\/05\/Ministro-Prokurica-800x534-1.jpg\" alt=\"\" class=\"wp-image-23871\" srcset=\"https:\/\/www.radioamigavallenar.cl\/wp-content\/uploads\/2020\/05\/Ministro-Prokurica-800x534-1.jpg 800w, https:\/\/www.radioamigavallenar.cl\/wp-content\/uploads\/2020\/05\/Ministro-Prokurica-800x534-1-300x200.jpg 300w, https:\/\/www.radioamigavallenar.cl\/wp-content\/uploads\/2020\/05\/Ministro-Prokurica-800x534-1-768x513.jpg 768w\" sizes=\"auto, (max-width: 800px) 100vw, 800px\" \/><\/figure><\/div>\n\n\n\n<p><strong>El secretario de Estado expuso la realidad del sector en el pa\u00eds, considerando la importancia que tiene la Empresa Nacional de Miner\u00eda, cuyo modelo productivo y de fomento a la peque\u00f1a miner\u00eda, es \u00fanico en el mundo.<\/strong><\/p>\n\n\n\n<p>En el marco de trabajo que est\u00e1 realizando el Parlamento Andino para generar un proyecto de norma comunitaria que permita regular la miner\u00eda ilegal, el ministro de Miner\u00eda, Baldo Prokurica, expuso en una sesi\u00f3n especial de la Comisi\u00f3n de \u201cSeguridad Regional, Desarrollo Sustentable, Seguridad y Soberan\u00eda Alimentaria\u201d en donde abord\u00f3 la realidad de Chile en este \u00e1mbito, apuntando a que el pa\u00eds cuenta con normas estables, el rol fiscalizador de Sernageomin y la importancia de la Empresa Nacional de Miner\u00eda, cuyo modelo productivo y de fomento a la peque\u00f1a miner\u00eda, es \u00fanico en el mundo.<\/p>\n\n\n\n<p>En su intervenci\u00f3n, el secretario de Estado se\u00f1al\u00f3 que \u201cmi recomendaci\u00f3n es avanzar por la v\u00eda de los incentivos, porque el camino de la prohibici\u00f3n es muy dif\u00edcil. Ustedes tienen pa\u00edses de gran extensi\u00f3n territorial y eso hace que sea muy dif\u00edcil de fiscalizar, es casi imposible saber si tienen miner\u00eda informal. Por tanto, a trav\u00e9s de los incentivos se les puede asegurar a los mineros un precio determinado, que se van a respetar las leyes del mineral, y si cuentan con una empresa del Estado pueden tener la certeza que se les va a pagar y que no ser\u00e1n enga\u00f1ados\u201d.<\/p>\n\n\n\n<p>En esa l\u00ednea, la m\u00e1xima autoridad de la industria destac\u00f3 los instrumentos de fomento que tiene la miner\u00eda en Chile, puntualizando en el fondo de estabilizaci\u00f3n de precios, iniciativa que permite pagar al minero un valor especial, cuando el precio internacional del cobre est\u00e1 por debajo de un valor referencial que se fija todos los a\u00f1os. A esto se suman los programas de apoyo a la producci\u00f3n, reactivaci\u00f3n de faena minera, estudios distritales, asistencia t\u00e9cnica, reconocimiento de recursos y apoyo a la producci\u00f3n segura.<\/p>\n\n\n\n<p>Mientras que, dentro de las medidas impulsadas por el Ministerio de Miner\u00eda, Prokurica explic\u00f3 el programa PAMMA que busca apoyar a los peque\u00f1os mineros con ayuda tecnol\u00f3gica y capacitaci\u00f3n. Adem\u00e1s, de la gesti\u00f3n de proyectos financiados con fondos de cada Gobierno Regional, que apuntan a regularizar faenas y hacerlas m\u00e1s seguras; planes de sondajes; entrega de implementos y maquinaras.<\/p>\n\n\n\n<p>Tras la exposici\u00f3n, los representantes de Ecuador, Per\u00fa y Colombia destacaron la exposici\u00f3n del ministro Prokurica, apuntando a la mirada del pa\u00eds de generar incentivos que provoquen un inter\u00e9s de los mineros que trabajan de manera ilegal a regularizar su situaci\u00f3n.<\/p>\n","protected":false},"excerpt":{"rendered":"<p>El secretario de Estado expuso la realidad del sector en el pa\u00eds, considerando la importancia que tiene la Empresa Nacional de Miner\u00eda, cuyo modelo productivo&hellip; <\/p>\n","protected":false},"author":2,"featured_media":23871,"comment_status":"open","ping_status":"closed","sticky":false,"template":"","format":"standard","meta":{"footnotes":""},"categories":[7,34,37,1],"tags":[],"class_list":["post-23870","post","type-post","status-publish","format-standard","has-post-thumbnail","hentry","category-atacama","category-mineria","category-nacional","category-provincia-del-huasco-2"],"_links":{"self":[{"href":"https:\/\/www.radioamigavallenar.cl\/index.php?rest_route=\/wp\/v2\/posts\/23870","targetHints":{"allow":["GET"]}}],"collection":[{"href":"https:\/\/www.radioamigavallenar.cl\/index.php?rest_route=\/wp\/v2\/posts"}],"about":[{"href":"https:\/\/www.radioamigavallenar.cl\/index.php?rest_route=\/wp\/v2\/types\/post"}],"author":[{"embeddable":true,"href":"https:\/\/www.radioamigavallenar.cl\/index.php?rest_route=\/wp\/v2\/users\/2"}],"replies":[{"embeddable":true,"href":"https:\/\/www.radioamigavallenar.cl\/index.php?rest_route=%2Fwp%2Fv2%2Fcomments&post=23870"}],"version-history":[{"count":0,"href":"https:\/\/www.radioamigavallenar.cl\/index.php?rest_route=\/wp\/v2\/posts\/23870\/revisions"}],"wp:featuredmedia":[{"embeddable":true,"href":"https:\/\/www.radioamigavallenar.cl\/index.php?rest_route=\/wp\/v2\/media\/23871"}],"wp:attachment":[{"href":"https:\/\/www.radioamigavallenar.cl\/index.php?rest_route=%2Fwp%2Fv2%2Fmedia&parent=23870"}],"wp:term":[{"taxonomy":"category","embeddable":true,"href":"https:\/\/www.radioamigavallenar.cl\/index.php?rest_route=%2Fwp%2Fv2%2Fcategories&post=23870"},{"taxonomy":"post_tag","embeddable":true,"href":"https:\/\/www.radioamigavallenar.cl\/index.php?rest_route=%2Fwp%2Fv2%2Ftags&post=23870"}],"curies":[{"name":"wp","href":"https:\/\/api.w.org\/{rel}","templated":true}]}}