{"id":23787,"date":"2020-05-04T07:09:40","date_gmt":"2020-05-04T11:09:40","guid":{"rendered":"https:\/\/www.radioamigavallenar.cl\/?p=23787"},"modified":"2020-05-04T07:09:41","modified_gmt":"2020-05-04T11:09:41","slug":"confirman-primer-caso-de-covid-19-en-la-carcel-de-copiapo","status":"publish","type":"post","link":"https:\/\/www.radioamigavallenar.cl\/?p=23787","title":{"rendered":"Confirman primer caso de COVID-19 en la C\u00e1rcel de Copiap\u00f3"},"content":{"rendered":"\n<div class=\"wp-block-image\"><figure class=\"aligncenter size-large\"><img loading=\"lazy\" decoding=\"async\" width=\"820\" height=\"620\" src=\"https:\/\/www.radioamigavallenar.cl\/wp-content\/uploads\/2020\/05\/file_20180705183455.jpg\" alt=\"\" class=\"wp-image-23788\" srcset=\"https:\/\/www.radioamigavallenar.cl\/wp-content\/uploads\/2020\/05\/file_20180705183455.jpg 820w, https:\/\/www.radioamigavallenar.cl\/wp-content\/uploads\/2020\/05\/file_20180705183455-300x227.jpg 300w, https:\/\/www.radioamigavallenar.cl\/wp-content\/uploads\/2020\/05\/file_20180705183455-768x581.jpg 768w\" sizes=\"auto, (max-width: 820px) 100vw, 820px\" \/><\/figure><\/div>\n\n\n\n<p><strong>Gendarmer\u00eda de Chile en la Regi\u00f3n de Atacama, inform\u00f3 el primer caso de COVID-19 en el Centro de Cumplimiento Penitenciario de Atacama, situaci\u00f3n que fue corroborada por la seremi de Salud.<\/strong><\/p>\n\n\n\n<p>El caso corresponde a un interna condenada de iniciales J.G.G. quien fue trasladada ayer por una crisis de p\u00e1nico al hospital regional. En el procedimiento de atenci\u00f3n m\u00e9dica, se le aplic\u00f3 el PCR para COVID-19 dando positivo.<\/p>\n\n\n\n<p>De acuerdo a lo se\u00f1alado por el director regional de Gendarmer\u00eda en Atacama coronel V\u00edctor Vera Bustos, \u201chemos aplicado todos los protocolos establecidos, correspondientes a aislamiento inmediato y verificaci\u00f3n de los posibles contactos que haya tenido la interna. Adem\u00e1s, nos reunimos con nuestro personal para informar de la cuarentena preventiva que deber\u00e1n realizar quienes hayan mantenido contacto con la persona\u201d.<\/p>\n\n\n\n<p>La autoridad regional agreg\u00f3 que,\u201cnos reuniremos con los familiares de las personas privadas de libertad para informarles la situaci\u00f3n y entregarles tranquilidad en torno a que como Instituci\u00f3n estamos aplicando los protocolos\u201d.<\/p>\n\n\n\n<p>A&nbsp;la fecha, la instituci\u00f3n penitenciaria registra 176 casos confirmados de internos y 211 de funcionarios, quienes permanecen bajo monitoreo permanente.<\/p>\n\n\n\n<p>Gendarmer\u00eda de Chile ante la emergencia sanitaria por el brote de COVID-19 est\u00e1 ejecutando un plan de contingencia institucional para resguardar la salud de las personas privadas de libertad, sus familiares y los funcionarios\/as:<\/p>\n\n\n\n<p>\u2022 Se han suspendido las visitas a los establecimientos penitenciarios para disminuir el flujo de personas que ingresan.<\/p>\n\n\n\n<p>\u2022 Protocolo de aislamiento en cada recinto penitenciario para caso sospechoso de contagio o ante una eventual confirmaci\u00f3n, traslado a hospital si es que fuera necesario.<\/p>\n\n\n\n<p>\u2022 Plan de atenci\u00f3n a los adultos mayores.<\/p>\n\n\n\n<p>\u2022 Todas las unidades penales cuentan con insumos sanitarios como mascarillas, guantes, dispensadores de jab\u00f3n, term\u00f3metros infrarrojos y alcohol gel (uso responsable).<\/p>\n\n\n\n<p>\u2022 Sanitizaci\u00f3n de los espacios de los recintos penitenciarios y carros de traslados.<\/p>\n\n\n\n<p>\u2022 Inicio anticipado de vacunaci\u00f3n para la influenza, tanto para privados de libertad como funcionarios.<\/p>\n\n\n\n<p>\u2022 Los traslados interpenales est\u00e1n suspendidos, a menos que sean de estricta necesidad de seguridad, implementaci\u00f3n de audiencias y visitas por videoconferencias.<\/p>\n\n\n\n<p>\u2022 Las encomiendas se contin\u00faan recibiendo con normalidad, pero con un estricto proceso de desinfecci\u00f3n.<\/p>\n","protected":false},"excerpt":{"rendered":"<p>Gendarmer\u00eda de Chile en la Regi\u00f3n de Atacama, inform\u00f3 el primer caso de COVID-19 en el Centro de Cumplimiento Penitenciario de Atacama, situaci\u00f3n que fue&hellip; <\/p>\n","protected":false},"author":2,"featured_media":23788,"comment_status":"open","ping_status":"closed","sticky":false,"template":"","format":"standard","meta":{"footnotes":""},"categories":[7],"tags":[],"class_list":["post-23787","post","type-post","status-publish","format-standard","has-post-thumbnail","hentry","category-atacama"],"_links":{"self":[{"href":"https:\/\/www.radioamigavallenar.cl\/index.php?rest_route=\/wp\/v2\/posts\/23787","targetHints":{"allow":["GET"]}}],"collection":[{"href":"https:\/\/www.radioamigavallenar.cl\/index.php?rest_route=\/wp\/v2\/posts"}],"about":[{"href":"https:\/\/www.radioamigavallenar.cl\/index.php?rest_route=\/wp\/v2\/types\/post"}],"author":[{"embeddable":true,"href":"https:\/\/www.radioamigavallenar.cl\/index.php?rest_route=\/wp\/v2\/users\/2"}],"replies":[{"embeddable":true,"href":"https:\/\/www.radioamigavallenar.cl\/index.php?rest_route=%2Fwp%2Fv2%2Fcomments&post=23787"}],"version-history":[{"count":0,"href":"https:\/\/www.radioamigavallenar.cl\/index.php?rest_route=\/wp\/v2\/posts\/23787\/revisions"}],"wp:featuredmedia":[{"embeddable":true,"href":"https:\/\/www.radioamigavallenar.cl\/index.php?rest_route=\/wp\/v2\/media\/23788"}],"wp:attachment":[{"href":"https:\/\/www.radioamigavallenar.cl\/index.php?rest_route=%2Fwp%2Fv2%2Fmedia&parent=23787"}],"wp:term":[{"taxonomy":"category","embeddable":true,"href":"https:\/\/www.radioamigavallenar.cl\/index.php?rest_route=%2Fwp%2Fv2%2Fcategories&post=23787"},{"taxonomy":"post_tag","embeddable":true,"href":"https:\/\/www.radioamigavallenar.cl\/index.php?rest_route=%2Fwp%2Fv2%2Ftags&post=23787"}],"curies":[{"name":"wp","href":"https:\/\/api.w.org\/{rel}","templated":true}]}}