{"id":23784,"date":"2020-05-04T07:07:36","date_gmt":"2020-05-04T11:07:36","guid":{"rendered":"https:\/\/www.radioamigavallenar.cl\/?p=23784"},"modified":"2020-05-04T07:07:38","modified_gmt":"2020-05-04T11:07:38","slug":"region-de-atacama-quedara-sin-vuelos-comerciales-durante-el-mes-de-mayo","status":"publish","type":"post","link":"https:\/\/www.radioamigavallenar.cl\/?p=23784","title":{"rendered":"\u201cRegi\u00f3n de Atacama quedar\u00e1 sin vuelos comerciales durante el mes de mayo\u201d"},"content":{"rendered":"\n<div class=\"wp-block-image\"><figure class=\"aligncenter size-large\"><img loading=\"lazy\" decoding=\"async\" width=\"800\" height=\"455\" src=\"https:\/\/www.radioamigavallenar.cl\/wp-content\/uploads\/2020\/05\/aeropuertocopiapo-800x455-1.jpg\" alt=\"\" class=\"wp-image-23785\" srcset=\"https:\/\/www.radioamigavallenar.cl\/wp-content\/uploads\/2020\/05\/aeropuertocopiapo-800x455-1.jpg 800w, https:\/\/www.radioamigavallenar.cl\/wp-content\/uploads\/2020\/05\/aeropuertocopiapo-800x455-1-300x171.jpg 300w, https:\/\/www.radioamigavallenar.cl\/wp-content\/uploads\/2020\/05\/aeropuertocopiapo-800x455-1-768x437.jpg 768w\" sizes=\"auto, (max-width: 800px) 100vw, 800px\" \/><\/figure><\/div>\n\n\n\n<p>El Ministerio de Obras P\u00fablicas a trav\u00e9s de su Direcci\u00f3n Regional de Aeropuertos, inform\u00f3 que el Aer\u00f3dromo Desierto de Atacama se mantendr\u00e1 100% operativo, a pesar de la notificaci\u00f3n realizada por la aerol\u00ednea LATAM, la cual inform\u00f3 que suspender\u00e1 los vuelos a la ciudad de Copiap\u00f3 durante el mes de mayo, sum\u00e1ndose as\u00ed a las aerol\u00edneas Jetsmart y Skyarline.<\/p>\n\n\n\n<p>As\u00ed lo rectific\u00f3 el Seremi de Obras P\u00fablicas, Alfredo Campbell, \u201cefectivamente a partir del 01 de mayo, nuestra regi\u00f3n quedar\u00e1 sin tr\u00e1fico de vuelos, as\u00ed lo anunci\u00f3 la empresa LATAM debido a la emergencia sanitaria que afecta el pa\u00eds. Sin embargo, las aerol\u00edneas tambi\u00e9n informaron que retomar\u00e1n los vuelos suspendidos a partir del mes de Junio\u201d.<\/p>\n\n\n\n<p>Cabe recordar que la Aerol\u00edneas Jetsmart suspendi\u00f3 los vuelos a la ciudad de Copiap\u00f3 desde el d\u00eda 24 de marzo, mientras que Skyairline suspendi\u00f3 los vuelos desde el d\u00eda 25 de marzo. Latam mantuvo un vuelo diario hasta el d\u00eda 12 de abril la ruta Santiago \u2013 Copiap\u00f3 \u2013 Santiago, y desde el 13 de abril modifico la ruta realizando vuelos desde la ciudad de La Serena \u2013 Copiap\u00f3 \u2013 La Serena.<\/p>\n","protected":false},"excerpt":{"rendered":"<p>El Ministerio de Obras P\u00fablicas a trav\u00e9s de su Direcci\u00f3n Regional de Aeropuertos, inform\u00f3 que el Aer\u00f3dromo Desierto de Atacama se mantendr\u00e1 100% operativo, a&hellip; <\/p>\n","protected":false},"author":2,"featured_media":23785,"comment_status":"open","ping_status":"closed","sticky":false,"template":"","format":"standard","meta":{"footnotes":""},"categories":[7],"tags":[],"class_list":["post-23784","post","type-post","status-publish","format-standard","has-post-thumbnail","hentry","category-atacama"],"_links":{"self":[{"href":"https:\/\/www.radioamigavallenar.cl\/index.php?rest_route=\/wp\/v2\/posts\/23784","targetHints":{"allow":["GET"]}}],"collection":[{"href":"https:\/\/www.radioamigavallenar.cl\/index.php?rest_route=\/wp\/v2\/posts"}],"about":[{"href":"https:\/\/www.radioamigavallenar.cl\/index.php?rest_route=\/wp\/v2\/types\/post"}],"author":[{"embeddable":true,"href":"https:\/\/www.radioamigavallenar.cl\/index.php?rest_route=\/wp\/v2\/users\/2"}],"replies":[{"embeddable":true,"href":"https:\/\/www.radioamigavallenar.cl\/index.php?rest_route=%2Fwp%2Fv2%2Fcomments&post=23784"}],"version-history":[{"count":0,"href":"https:\/\/www.radioamigavallenar.cl\/index.php?rest_route=\/wp\/v2\/posts\/23784\/revisions"}],"wp:featuredmedia":[{"embeddable":true,"href":"https:\/\/www.radioamigavallenar.cl\/index.php?rest_route=\/wp\/v2\/media\/23785"}],"wp:attachment":[{"href":"https:\/\/www.radioamigavallenar.cl\/index.php?rest_route=%2Fwp%2Fv2%2Fmedia&parent=23784"}],"wp:term":[{"taxonomy":"category","embeddable":true,"href":"https:\/\/www.radioamigavallenar.cl\/index.php?rest_route=%2Fwp%2Fv2%2Fcategories&post=23784"},{"taxonomy":"post_tag","embeddable":true,"href":"https:\/\/www.radioamigavallenar.cl\/index.php?rest_route=%2Fwp%2Fv2%2Ftags&post=23784"}],"curies":[{"name":"wp","href":"https:\/\/api.w.org\/{rel}","templated":true}]}}