{"id":23781,"date":"2020-05-02T00:00:00","date_gmt":"2020-05-02T04:00:00","guid":{"rendered":"https:\/\/www.radioamigavallenar.cl\/?p=23781"},"modified":"2020-05-01T17:38:51","modified_gmt":"2020-05-01T21:38:51","slug":"diputada-sofia-cid-comento-cifras-del-desempleo-senalando-que-estaba-dentro-de-los-esperado-como-consecuencias-de-lo-que-arrastramos-desde-octubre-y-la-emergencia-sanitaria","status":"publish","type":"post","link":"https:\/\/www.radioamigavallenar.cl\/?p=23781","title":{"rendered":"Diputada Sof\u00eda Cid coment\u00f3 cifras del desempleo se\u00f1alando que \u201cestaba dentro de los esperado como consecuencias de lo que arrastramos desde octubre y la emergencia sanitaria\u201d."},"content":{"rendered":"\n<div class=\"wp-block-image\"><figure class=\"aligncenter size-large\"><img loading=\"lazy\" decoding=\"async\" width=\"1024\" height=\"682\" src=\"https:\/\/www.radioamigavallenar.cl\/wp-content\/uploads\/2020\/03\/sofia-cid-agenda-leyes-1024x682.jpg\" alt=\"\" class=\"wp-image-22541\" srcset=\"https:\/\/www.radioamigavallenar.cl\/wp-content\/uploads\/2020\/03\/sofia-cid-agenda-leyes-1024x682.jpg 1024w, https:\/\/www.radioamigavallenar.cl\/wp-content\/uploads\/2020\/03\/sofia-cid-agenda-leyes-300x200.jpg 300w, https:\/\/www.radioamigavallenar.cl\/wp-content\/uploads\/2020\/03\/sofia-cid-agenda-leyes-768x512.jpg 768w, https:\/\/www.radioamigavallenar.cl\/wp-content\/uploads\/2020\/03\/sofia-cid-agenda-leyes.jpg 1280w\" sizes=\"auto, (max-width: 1024px) 100vw, 1024px\" \/><\/figure><\/div>\n\n\n\n<p>La Diputada Sof\u00eda Cid Versalovic coment\u00f3 las recientes cifras que inform\u00f3 este jueves el Instituto Nacional de Estad\u00edsticas Atacama, que se\u00f1alan que el desempleo marc\u00f3 un 8,7%.<\/p>\n\n\n\n<p>La Diputada mencion\u00f3 que \u201cestas cifras nos reflejan una realidad que es el desempleo en la mujeres, donde hoy ya hemos llegado a un 10% m\u00e1s de dos puntos sobre los hombres Atacama, es muy preocupante y hay que poner atajo que estas cifras para que no se nos sigan disparando. Hoy, las mujeres, en gran parte, son las jefas de&nbsp; hogar y quienes llevan el sustento a sus familias, por lo mismo es que debemos ocuparnos en abordar sus problem\u00e1ticas\u201d<\/p>\n\n\n\n<p>\u201cEs muy lamentable que tengamos estas cifras, pero es algo que estaba dentro de las proyecciones que ya hab\u00edamos adelantado, en el marco de la emergencia sanitaria, pero no podemos sacar de esta ecuaci\u00f3n los factores que se vienen arrastrando desde octubre del a\u00f1o pasado, y que algunos quieren desconocer ahora y que dio como resultado la perdidas de miles de trabajo\u201d se\u00f1al\u00f3 Cid Versalovic.<\/p>\n\n\n\n<p>Otro de los aspectos que mencion\u00f3 Cid indic\u00f3&nbsp; fue los ocupados en Atacama en el trimestre m\u00f3vil enero \u2013 marzo disminuy\u00f3 en un 4,4%, donde los rubros que mayoritariamente tuvieron bajas fueron comercio, industrias manufactureras y ense\u00f1anza agregando en su an\u00e1lisis dice relaci\u00f3n con la contracci\u00f3n&nbsp; de los ocupados, donde el INE Atacama inform\u00f3 que la baja lleg\u00f3 al -17,1% incidida por los trabajadores por cuenta propia. Todas cifras negativas.<\/p>\n\n\n\n<p>&nbsp;\u201cLas cifras negativas hacen que la situaci\u00f3n del pa\u00eds sea muy preocupante, pero frente a esto, el Gobierno, han presentado una serie de iniciativas para proteger el empleo y apoyar a las pymes -que son las que lo generan-y en el Parlamento las hemos ido aprobando, pero le pido a mis colegas de oposici\u00f3n que aprueben las medidas para cuidar el empleo e ingreso y no coloquen tantos obst\u00e1culos, los chilenos no pueden seguir esperando y perdiendo empleos, hay que ser muy responsable al votar en el Congreso, ac\u00e1&nbsp; hay que jug\u00e1rsela por las familias, ya que atr\u00e1s de cada cifra est\u00e1n las personas.&nbsp; Obviamente que nos gustar\u00eda poder avanzar de manera m\u00e1s acelerada en algunas materias, pero vemos que la oposici\u00f3n se esmera en poner trabas, en vez de tener una altura de miras m\u00e1s acorde a la emergencia que estamos viviendo\u201d, indic\u00f3 Sof\u00eda Cid.<\/p>\n","protected":false},"excerpt":{"rendered":"<p>La Diputada Sof\u00eda Cid Versalovic coment\u00f3 las recientes cifras que inform\u00f3 este jueves el Instituto Nacional de Estad\u00edsticas Atacama, que se\u00f1alan que el desempleo marc\u00f3&hellip; <\/p>\n","protected":false},"author":2,"featured_media":22541,"comment_status":"open","ping_status":"closed","sticky":false,"template":"","format":"standard","meta":{"footnotes":""},"categories":[7,37],"tags":[],"class_list":["post-23781","post","type-post","status-publish","format-standard","has-post-thumbnail","hentry","category-atacama","category-nacional"],"_links":{"self":[{"href":"https:\/\/www.radioamigavallenar.cl\/index.php?rest_route=\/wp\/v2\/posts\/23781","targetHints":{"allow":["GET"]}}],"collection":[{"href":"https:\/\/www.radioamigavallenar.cl\/index.php?rest_route=\/wp\/v2\/posts"}],"about":[{"href":"https:\/\/www.radioamigavallenar.cl\/index.php?rest_route=\/wp\/v2\/types\/post"}],"author":[{"embeddable":true,"href":"https:\/\/www.radioamigavallenar.cl\/index.php?rest_route=\/wp\/v2\/users\/2"}],"replies":[{"embeddable":true,"href":"https:\/\/www.radioamigavallenar.cl\/index.php?rest_route=%2Fwp%2Fv2%2Fcomments&post=23781"}],"version-history":[{"count":0,"href":"https:\/\/www.radioamigavallenar.cl\/index.php?rest_route=\/wp\/v2\/posts\/23781\/revisions"}],"wp:featuredmedia":[{"embeddable":true,"href":"https:\/\/www.radioamigavallenar.cl\/index.php?rest_route=\/wp\/v2\/media\/22541"}],"wp:attachment":[{"href":"https:\/\/www.radioamigavallenar.cl\/index.php?rest_route=%2Fwp%2Fv2%2Fmedia&parent=23781"}],"wp:term":[{"taxonomy":"category","embeddable":true,"href":"https:\/\/www.radioamigavallenar.cl\/index.php?rest_route=%2Fwp%2Fv2%2Fcategories&post=23781"},{"taxonomy":"post_tag","embeddable":true,"href":"https:\/\/www.radioamigavallenar.cl\/index.php?rest_route=%2Fwp%2Fv2%2Ftags&post=23781"}],"curies":[{"name":"wp","href":"https:\/\/api.w.org\/{rel}","templated":true}]}}