{"id":23765,"date":"2020-05-02T00:00:00","date_gmt":"2020-05-02T04:00:00","guid":{"rendered":"https:\/\/www.radioamigavallenar.cl\/?p=23765"},"modified":"2020-05-01T17:25:14","modified_gmt":"2020-05-01T21:25:14","slug":"lanzan-fondo-chile-compromiso-de-todos-2020-para-financiar-proyectos-de-la-sociedad-civil-vinculados-a-la-superacion-de-la-pobreza","status":"publish","type":"post","link":"https:\/\/www.radioamigavallenar.cl\/?p=23765","title":{"rendered":"Lanzan \u201cFondo Chile Compromiso de Todos 2020\u201d para financiar proyectos de la sociedad civil vinculados a la superaci\u00f3n de la pobreza"},"content":{"rendered":"\n<div class=\"wp-block-image\"><figure class=\"aligncenter size-large\"><img loading=\"lazy\" decoding=\"async\" width=\"1024\" height=\"576\" src=\"https:\/\/www.radioamigavallenar.cl\/wp-content\/uploads\/2020\/05\/WhatsApp-Image-2020-04-30-at-13.54.27.jpeg\" alt=\"\" class=\"wp-image-23766\" srcset=\"https:\/\/www.radioamigavallenar.cl\/wp-content\/uploads\/2020\/05\/WhatsApp-Image-2020-04-30-at-13.54.27.jpeg 1024w, https:\/\/www.radioamigavallenar.cl\/wp-content\/uploads\/2020\/05\/WhatsApp-Image-2020-04-30-at-13.54.27-300x169.jpeg 300w, https:\/\/www.radioamigavallenar.cl\/wp-content\/uploads\/2020\/05\/WhatsApp-Image-2020-04-30-at-13.54.27-768x432.jpeg 768w\" sizes=\"auto, (max-width: 1024px) 100vw, 1024px\" \/><\/figure><\/div>\n\n\n\n<p>Las postulaciones a la l\u00ednea de Fundaciones y Corporaciones se realizar\u00e1n de manera remota a trav\u00e9s del sitio web www.sociedadcivilmds.cl y se podr\u00e1n realizar entre el 30 de abril y el 14 de mayo de este a\u00f1o.<\/p>\n\n\n\n<p>Con el objetivo de financiar proyectos innovadores y comprometidos con la superaci\u00f3n de la pobreza y vulnerabilidades sociales de personas y familias, el Ministerio de Desarrollo Social y Familia anunci\u00f3 la apertura al Fondo Chile Compromiso de Todos 2020. Una iniciativa dirigida a la sociedad civil, quienes, hist\u00f3ricamente, han desarrollado estas funciones a trav\u00e9s de corporaciones, organizaciones comunitarias y universidades del pa\u00eds.<\/p>\n\n\n\n<p>El ministro Sichel explic\u00f3 que la planificaci\u00f3n inicial para este a\u00f1o estaba fijada para el mes de junio, sin embargo, la contingencia sanitaria apresur\u00f3 el proceso. \u201cComprendiendo el sentido de urgencia y la necesidades de las familias m\u00e1s vulnerables, hemos adelantado el lanzamiento de la l\u00ednea de Fundaciones y Corporaciones para este 30 de abril. Estamos buscando que las instituciones implementen proyectos que tengan relaci\u00f3n con esta contingencia y que tengan como objetivo la entrega de bienes y servicios durante este periodo a personas o grupos vulnerables\u201d, se\u00f1al\u00f3.<\/p>\n\n\n\n<p>El adelantamiento de esta l\u00ednea considerar\u00e1 recursos por $800 millones y cada proyecto en particular podr\u00e1 recibir m\u00e1ximo $20 millones. Con esto se busca poder realizar las primeras transferencias en la segunda quincena del mes de junio e ir en ayuda de personas o grupos vulnerables con un sentido de mayor urgencia.<\/p>\n\n\n\n<p>El adelantamiento de este Fondo fue coordinado con la Subsecretaria de Evaluaci\u00f3n Social, Alejandra Candia, quien destac\u00f3 el rol fundamental que juega la sociedad civil en este contexto sanitario. \u201cEstamos frente a una crisis sanitaria y socioecon\u00f3mica sin precedentes, en la que nadie que pueda contribuir en el dise\u00f1o de apoyos para las familias m\u00e1s afectadas debe restarse. El Estado no tiene el monopolio en b\u00fasqueda de soluciones y la sociedad civil juega un rol insustituible que debemos apoyar a\u00fan m\u00e1s en escenarios como el que vivimos estos d\u00edas\u201d.<\/p>\n\n\n\n<p>En raz\u00f3n de este anuncio y la importancia del mismo, el seremi de Desarrollo Social y Familia de la Regi\u00f3n de Atacama, Luis Morales Vergara, destac\u00f3 el compromiso del gobierno e incentivo a la sociedad civil a participar. \u201cPara el Gobierno del Presidente Pi\u00f1era es importante poder trabajar en conjunto con la sociedad civil, ya que necesitamos la colaboraci\u00f3n de todos y todas para ir en ayuda de quienes m\u00e1s lo necesitan en este dif\u00edcil momento nacional e internacional\u201d.<\/p>\n\n\n\n<p>\u201cEn este contexto, hago un llamado a todas las corporaciones, organizaciones comunitarias, ONG y universidades, para que puedan participar de este proceso y as\u00ed aplicar las ideas que tienen en mente para poder superar la vulnerabilidad de las familias de la regi\u00f3n y el pa\u00eds\u201d, concluy\u00f3 la autoridad regional.<\/p>\n\n\n\n<p class=\"has-text-align-center\"><strong>Objetivo General Fondo Chile Compromiso de Todos:<\/strong><\/p>\n\n\n\n<p>Podr\u00e1n postular a la l\u00ednea de Fundaciones y Corporaciones proyectos que respondan a problem\u00e1ticas surgidas o amplificadas por la contingencia sanitaria y que entre sus objetivos propongan acciones en las siguientes l\u00edneas:<\/p>\n\n\n\n<p>1. Proyectos para la superaci\u00f3n de la pobreza enfocados a personas o grupos vulnerables afectados por la contingencia sanitaria, que consistan en la implementaci\u00f3n de mejoras o reformulaci\u00f3n de procesos en estos proyectos, de tal manera de poder asegurar la continuidad de los proyectos que van en ayuda de dichas poblaciones. Por ejemplo, fortalecer con equipamiento o capacidades necesarias para desarrollar labores de manera remota en diversas localidades (instrumentos tecnol\u00f3gicos, plataformas, indumentaria acorde a los procesos, entre otros), que permitan entregar una atenci\u00f3n oportuna y pertinente a la poblaci\u00f3n en pobreza\/vulnerabilidad m\u00e1s afectada por la emergencia sanitaria, entre otros.<\/p>\n\n\n\n<p>2. Proyectos para la superaci\u00f3n de la pobreza, enfocados a personas o grupos vulnerables que hayan sido afectados por la contingencia sanitaria, que tengan dentro de sus objetivos el apoyo a la superaci\u00f3n de su vulnerabilidad, y\/o la entrega de servicios o productos directos a personas o grupos vulnerables. Como, por ejemplo, proyectos que permitan facilitar la generaci\u00f3n de ingresos a las personas que no los est\u00e1n percibiendo o enfocados en la entrega de art\u00edculos de primera necesidad para familias en situaci\u00f3n de pobreza, que se ven afectados por la falta de empleo, cesant\u00eda o imposibilidad de desarrollo de actividades de subsistencia (ejemplo, alimentaci\u00f3n, medicamentos, abrigo), entre otros.<\/p>\n\n\n\n<p>Durante la ejecuci\u00f3n de los proyectos se respetar\u00e1n todas las instrucciones, recomendaciones y orientaciones sanitarias establecidas por el Ministerio de Salud, o la autoridad competente con ocasi\u00f3n de la emergencia sanitaria.<\/p>\n","protected":false},"excerpt":{"rendered":"<p>Las postulaciones a la l\u00ednea de Fundaciones y Corporaciones se realizar\u00e1n de manera remota a trav\u00e9s del sitio web www.sociedadcivilmds.cl y se podr\u00e1n realizar entre&hellip; <\/p>\n","protected":false},"author":2,"featured_media":23766,"comment_status":"open","ping_status":"closed","sticky":false,"template":"","format":"standard","meta":{"footnotes":""},"categories":[34],"tags":[],"class_list":["post-23765","post","type-post","status-publish","format-standard","has-post-thumbnail","hentry","category-mineria"],"_links":{"self":[{"href":"https:\/\/www.radioamigavallenar.cl\/index.php?rest_route=\/wp\/v2\/posts\/23765","targetHints":{"allow":["GET"]}}],"collection":[{"href":"https:\/\/www.radioamigavallenar.cl\/index.php?rest_route=\/wp\/v2\/posts"}],"about":[{"href":"https:\/\/www.radioamigavallenar.cl\/index.php?rest_route=\/wp\/v2\/types\/post"}],"author":[{"embeddable":true,"href":"https:\/\/www.radioamigavallenar.cl\/index.php?rest_route=\/wp\/v2\/users\/2"}],"replies":[{"embeddable":true,"href":"https:\/\/www.radioamigavallenar.cl\/index.php?rest_route=%2Fwp%2Fv2%2Fcomments&post=23765"}],"version-history":[{"count":0,"href":"https:\/\/www.radioamigavallenar.cl\/index.php?rest_route=\/wp\/v2\/posts\/23765\/revisions"}],"wp:featuredmedia":[{"embeddable":true,"href":"https:\/\/www.radioamigavallenar.cl\/index.php?rest_route=\/wp\/v2\/media\/23766"}],"wp:attachment":[{"href":"https:\/\/www.radioamigavallenar.cl\/index.php?rest_route=%2Fwp%2Fv2%2Fmedia&parent=23765"}],"wp:term":[{"taxonomy":"category","embeddable":true,"href":"https:\/\/www.radioamigavallenar.cl\/index.php?rest_route=%2Fwp%2Fv2%2Fcategories&post=23765"},{"taxonomy":"post_tag","embeddable":true,"href":"https:\/\/www.radioamigavallenar.cl\/index.php?rest_route=%2Fwp%2Fv2%2Ftags&post=23765"}],"curies":[{"name":"wp","href":"https:\/\/api.w.org\/{rel}","templated":true}]}}