{"id":23730,"date":"2020-04-30T09:20:32","date_gmt":"2020-04-30T13:20:32","guid":{"rendered":"https:\/\/www.radioamigavallenar.cl\/?p=23730"},"modified":"2020-04-30T09:20:34","modified_gmt":"2020-04-30T13:20:34","slug":"research-74-por-ciento-de-los-chilenos-suspenderia-el-semestre-para-retomar-clases-despues-del-invierno","status":"publish","type":"post","link":"https:\/\/www.radioamigavallenar.cl\/?p=23730","title":{"rendered":"Research: 74 por ciento de los chilenos suspender\u00eda el semestre para retomar clases despu\u00e9s del invierno"},"content":{"rendered":"\n<div class=\"wp-block-image\"><figure class=\"aligncenter size-large\"><img decoding=\"async\" src=\"https:\/\/www.radioamigavallenar.cl\/wp-content\/uploads\/2020\/04\/sinclases-1.jpeg_554688468-1-1024x576.jpeg\" alt=\"\" class=\"wp-image-23034\"\/><\/figure><\/div>\n\n\n\n<p>El estudio Pulso Ciudadano indic\u00f3 que la amplia mayor\u00eda se inclin\u00f3 por \u00abajustar el calendario escolar\u00bb ante la pandemia de coronavirus COVID-19.<\/p>\n\n\n\n<p>Este jueves se revel\u00f3 el estudio<strong>\u00a0<\/strong>Pulso Ciudadano de Activa Research, correspondiente a la segunda semana de abril,\u00a0 donde se inform\u00f3 que la gran mayor\u00eda de los chilenos preferir\u00eda suspender el semestre acad\u00e9mico para retomar las clases despu\u00e9s del invierno.<\/p>\n\n\n\n<p>Seg\u00fan el sondeo, ante la consulta<em>\u00a0\u2018<\/em><strong>De acuerdo con tu opini\u00f3n, con relaci\u00f3n a los alumnos de ense\u00f1anza b\u00e1sica y media de nuestro pa\u00eds, el Gobierno de Chile deber\u00eda\u2026\u2019,<\/strong><em>\u00a0<\/em>el 74,3% se inclin\u00f3 por la opci\u00f3n que apunta a la \u00absuspensi\u00f3n del semestre y retomar las clases presenciales despu\u00e9s que termine el invierno y ajustar el calendario escolar\u00bb.<\/p>\n\n\n\n<p>Asimismo, un 18,4% se mostr\u00f3 partidario de&nbsp;<strong>\u00abreanudar las clases, pero solo mediante la modalidad virtual, mediante plataformas de internet desde el hogar\u00bb.<\/strong><\/p>\n\n\n\n<p>El 7,3% restante se inclin\u00f3 por la idea de reanudar las clases presenciales con los protocolos de seguridad en los colegios.<\/p>\n\n\n\n<p>Paralelamente, un 68,5% se encuentra muy en desacuerdo \/en desacuerdo con el<strong>\u00a0<\/strong>Plan Retorno Seguro\u00a0que present\u00f3 el Gobierno, mientras que quienes est\u00e1n de acuerdo o muy de acuerdo son el 18,1% de los consultados.<\/p>\n\n\n\n<p>Consignar que el 13,4% de los ciudadanos se mostr\u00f3 \u00abni de acuerdo ni en desacuerdo\u00bb con el plan.<\/p>\n","protected":false},"excerpt":{"rendered":"<p>El estudio Pulso Ciudadano indic\u00f3 que la amplia mayor\u00eda se inclin\u00f3 por \u00abajustar el calendario escolar\u00bb ante la pandemia de coronavirus COVID-19. Este jueves se&hellip; <\/p>\n","protected":false},"author":2,"featured_media":0,"comment_status":"open","ping_status":"closed","sticky":false,"template":"","format":"standard","meta":{"footnotes":""},"categories":[37],"tags":[],"class_list":["post-23730","post","type-post","status-publish","format-standard","hentry","category-nacional"],"_links":{"self":[{"href":"https:\/\/www.radioamigavallenar.cl\/index.php?rest_route=\/wp\/v2\/posts\/23730","targetHints":{"allow":["GET"]}}],"collection":[{"href":"https:\/\/www.radioamigavallenar.cl\/index.php?rest_route=\/wp\/v2\/posts"}],"about":[{"href":"https:\/\/www.radioamigavallenar.cl\/index.php?rest_route=\/wp\/v2\/types\/post"}],"author":[{"embeddable":true,"href":"https:\/\/www.radioamigavallenar.cl\/index.php?rest_route=\/wp\/v2\/users\/2"}],"replies":[{"embeddable":true,"href":"https:\/\/www.radioamigavallenar.cl\/index.php?rest_route=%2Fwp%2Fv2%2Fcomments&post=23730"}],"version-history":[{"count":0,"href":"https:\/\/www.radioamigavallenar.cl\/index.php?rest_route=\/wp\/v2\/posts\/23730\/revisions"}],"wp:attachment":[{"href":"https:\/\/www.radioamigavallenar.cl\/index.php?rest_route=%2Fwp%2Fv2%2Fmedia&parent=23730"}],"wp:term":[{"taxonomy":"category","embeddable":true,"href":"https:\/\/www.radioamigavallenar.cl\/index.php?rest_route=%2Fwp%2Fv2%2Fcategories&post=23730"},{"taxonomy":"post_tag","embeddable":true,"href":"https:\/\/www.radioamigavallenar.cl\/index.php?rest_route=%2Fwp%2Fv2%2Ftags&post=23730"}],"curies":[{"name":"wp","href":"https:\/\/api.w.org\/{rel}","templated":true}]}}