{"id":23723,"date":"2020-04-30T07:32:25","date_gmt":"2020-04-30T11:32:25","guid":{"rendered":"https:\/\/www.radioamigavallenar.cl\/?p=23723"},"modified":"2020-04-30T07:32:26","modified_gmt":"2020-04-30T11:32:26","slug":"con-un-seminario-online-se-conmemoro-el-dia-internacional-de-conciencia-sobre-el-ruido-en-atacama","status":"publish","type":"post","link":"https:\/\/www.radioamigavallenar.cl\/?p=23723","title":{"rendered":"Con un seminario online se conmemor\u00f3 el D\u00eda Internacional de Conciencia sobre el Ruido en Atacama."},"content":{"rendered":"\n<div class=\"wp-block-image\"><figure class=\"aligncenter size-large\"><img decoding=\"async\" src=\"https:\/\/www.radioamigavallenar.cl\/wp-content\/uploads\/2020\/04\/IMG_5276-1024x683.jpg\" alt=\"\" class=\"wp-image-23724\"\/><\/figure><\/div>\n\n\n\n<p><strong>El ruido provoca efectos en la salud, desde el insomnio, estr\u00e9s, hasta afecciones cardiovasculares. Tambi\u00e9n produce deterioro cognitivo, principalmente a estudiantes en establecimientos expuestos a altos niveles de ruido ambiental.<\/strong><\/p>\n\n\n\n<p>Durante este periodo de cuarentena por el COVID19 se ha notado una rotunda baja en los niveles de ruido, sobre todo en la noche. Seg\u00fan datos del Ministerio del Medio Ambiente, existe una disminuci\u00f3n de hasta un 75% en algunos sectores de la ciudad de Santiago, similar a lo que acontece con las ciudades en la regi\u00f3n de Atacama.<\/p>\n\n\n\n<p>Con el fin de promover la conciencia de los da\u00f1os que los altos niveles de ruido producen al ser humano, hace 25 a\u00f1os se conmemor\u00f3 por primera vez el D\u00eda Internacional de Conciencia sobre el Ruido, por el Centro de Audici\u00f3n y Comunicaci\u00f3n de Nueva York.<\/p>\n\n\n\n<p>En ese contexto, el Ministerio del Medio Ambiente anualmente realiza acciones de difusi\u00f3n, entre ellas, un Seminario sobre Ruido Ambiental. Este seminario cumple este a\u00f1o su vig\u00e9sima versi\u00f3n, y se ha convertido en el m\u00e1s longevo seminario dedicado a la gesti\u00f3n del ruido ambiental urbano de Chile.<\/p>\n\n\n\n<p>En esa l\u00ednea el Seremi del Medio Ambiente de Atacama, Guillermo Ready, explic\u00f3 que \u201cfueron 3 d\u00edas, con 2 charlas por jornada sobre tem\u00e1ticas que tienen que ver con la gesti\u00f3n del ruido, desde las regulaciones, el Sistema de Evaluaci\u00f3n de Impacto Ambiental, la informaci\u00f3n, pero tambi\u00e9n nuevas \u00e1reas de trabajo como el impacto del ruido submarino\u201d.<\/p>\n\n\n\n<p>El Seremi Ready agreg\u00f3 que \u201cexisten antecedentes de importantes de efectos en la salud, desde el insomnio, estr\u00e9s, hasta afecciones cardiovasculares. Tambi\u00e9n produce deterioro cognitivo, principalmente a estudiantes en establecimientos expuestos a altos niveles de ruido ambiental\u201d.<\/p>\n\n\n\n<p>Adem\u00e1s, expres\u00f3 que \u201cmuchas veces creemos acostumbrarnos al ruido o simplemente nos resignamos a convivir \u00e9l, pero esto no significa que no afecte nuestro bienestar\u201d.<\/p>\n\n\n\n<p>El Seremi se\u00f1al\u00f3 adem\u00e1s que \u201cse estima que el 70% del ruido ambiental es responsabilidad del tr\u00e1nsito vehicular, y de \u00e9ste, el mayor aporte es la locomoci\u00f3n colectiva\u201d.<\/p>\n\n\n\n<p>Del mismo modo, afirm\u00f3 que \u201ces por eso que como Ministerio tenemos una Estrategia de Gesti\u00f3n para el Control del Ruido Ambiental, en donde una de las iniciativas es impulsar la electromovilidad\u201d.<\/p>\n\n\n\n<p>La autoridad ambiental se\u00f1al\u00f3 finalmente que \u201cno queremos ciudades sin actividad, eso es un imposible, pero ciertamente queremos ciudades m\u00e1s amigables, en donde existan niveles de ruido aceptables para un buen descanso y una mejor calidad de vida\u201d.<\/p>\n\n\n\n<p>Mayores informaciones en el link <a href=\"https:\/\/ruido.mma.gob.cl\/\" target=\"_blank\" rel=\"noreferrer noopener\">https:\/\/ruido.mma.gob.cl\/<\/a><\/p>\n","protected":false},"excerpt":{"rendered":"<p>El ruido provoca efectos en la salud, desde el insomnio, estr\u00e9s, hasta afecciones cardiovasculares. Tambi\u00e9n produce deterioro cognitivo, principalmente a estudiantes en establecimientos expuestos a&hellip; <\/p>\n","protected":false},"author":2,"featured_media":0,"comment_status":"open","ping_status":"closed","sticky":false,"template":"","format":"standard","meta":{"footnotes":""},"categories":[7],"tags":[],"class_list":["post-23723","post","type-post","status-publish","format-standard","hentry","category-atacama"],"_links":{"self":[{"href":"https:\/\/www.radioamigavallenar.cl\/index.php?rest_route=\/wp\/v2\/posts\/23723","targetHints":{"allow":["GET"]}}],"collection":[{"href":"https:\/\/www.radioamigavallenar.cl\/index.php?rest_route=\/wp\/v2\/posts"}],"about":[{"href":"https:\/\/www.radioamigavallenar.cl\/index.php?rest_route=\/wp\/v2\/types\/post"}],"author":[{"embeddable":true,"href":"https:\/\/www.radioamigavallenar.cl\/index.php?rest_route=\/wp\/v2\/users\/2"}],"replies":[{"embeddable":true,"href":"https:\/\/www.radioamigavallenar.cl\/index.php?rest_route=%2Fwp%2Fv2%2Fcomments&post=23723"}],"version-history":[{"count":0,"href":"https:\/\/www.radioamigavallenar.cl\/index.php?rest_route=\/wp\/v2\/posts\/23723\/revisions"}],"wp:attachment":[{"href":"https:\/\/www.radioamigavallenar.cl\/index.php?rest_route=%2Fwp%2Fv2%2Fmedia&parent=23723"}],"wp:term":[{"taxonomy":"category","embeddable":true,"href":"https:\/\/www.radioamigavallenar.cl\/index.php?rest_route=%2Fwp%2Fv2%2Fcategories&post=23723"},{"taxonomy":"post_tag","embeddable":true,"href":"https:\/\/www.radioamigavallenar.cl\/index.php?rest_route=%2Fwp%2Fv2%2Ftags&post=23723"}],"curies":[{"name":"wp","href":"https:\/\/api.w.org\/{rel}","templated":true}]}}