{"id":23720,"date":"2020-04-30T07:26:41","date_gmt":"2020-04-30T11:26:41","guid":{"rendered":"https:\/\/www.radioamigavallenar.cl\/?p=23720"},"modified":"2020-04-30T07:26:42","modified_gmt":"2020-04-30T11:26:42","slug":"ministerio-de-educacion-disponibiliza-preuniversitarios-online-de-forma-gratuita","status":"publish","type":"post","link":"https:\/\/www.radioamigavallenar.cl\/?p=23720","title":{"rendered":"Ministerio de Educaci\u00f3n disponibiliza preuniversitarios online de forma gratuita"},"content":{"rendered":"\n<div class=\"wp-block-image\"><figure class=\"aligncenter size-large\"><img decoding=\"async\" src=\"https:\/\/www.radioamigavallenar.cl\/wp-content\/uploads\/2020\/04\/IMG-20200325-WA0112-1024x682.jpg\" alt=\"\" class=\"wp-image-23721\"\/><\/figure><\/div>\n\n\n\n<ul class=\"wp-block-list\"><li><strong>Desde esta semana se sumar\u00e1 la opci\u00f3n de preparaci\u00f3n en l\u00ednea\u00a0a trav\u00e9s de tres alianzas de Mineduc con los Preuniversitarios Cpech, Pedro de Valdivia (PDV) y Puntaje Nacional.<\/strong><\/li><li><strong>Este a\u00f1o son aproximadamente\u00a0300.000 estudiantes los que deben rendir la nueva prueba de admisi\u00f3n para la educaci\u00f3n superior.<\/strong><\/li><\/ul>\n\n\n\n<p>Desde hoy todos los alumnos que deseen prepararse para la nueva prueba de admisi\u00f3n para la educaci\u00f3n superior2020 podr\u00e1n acceder en forma gratuita a los contenidos y recursos que ofrecen ambos preuniversitarios a trav\u00e9s de la plataforma aprendoenlinea.mineduc.cl.<\/p>\n\n\n\n<p>La web que fue creada para enfrentar el contexto de suspensi\u00f3n de clases y apoyar los aprendizajes remotos, sumar\u00e1 la opci\u00f3n de preparaci\u00f3n en l\u00ednea a trav\u00e9s de tres alianzas de Mineduc con los Preuniversitarios Cpech, Pedro de Valdivia (PDV) y Puntaje Nacional.<\/p>\n\n\n\n<p><strong>\u201cDesde el Ministerio de Educaci\u00f3n hemos puesto todos nuestros esfuerzos para apoyar la educaci\u00f3n remota, ya sea a trav\u00e9s de aprendoenlinea.mineduc.cl o las alianzas que generamos con Google y\/o Atelmo. En esta l\u00ednea, lo que hicimos con preuniversitarios CPECH, Pedro de Valdivia y Puntaje Nacional, son nuevos ejemplos de una serie de acciones que tienen como foco, reforzar los aprendizajes en casa y apoyar, en este caso, a los cerca de 300.000 estudiantes que deben prepararse para rendir la nueva prueba de admisi\u00f3n a la educaci\u00f3n superior\u201d, se\u00f1al\u00f3 el ministro de Educaci\u00f3n, Ra\u00fal Figueroa.<\/strong><\/p>\n\n\n\n<p>Por su parte, la Seremi Silvia \u00c1lvarez Matthews hizo un llamado a los alumnos de educaci\u00f3n media de Atacama a inscribirse. \u201cEsta es una gran noticia para nuestros estudiantes que, debido a la situaci\u00f3n actual, est\u00e1n estudiando desde sus casas y si bien, la inscripci\u00f3n es libre, nuestro llamado principalmente es a los j\u00f3venes que cursan 3ro y 4to medio porque son ellos quienes deben rendir la Prueba de transici\u00f3n para ingresar la Educaci\u00f3n Superior\u201d.<\/p>\n\n\n\n<p>Los estudiantes podr\u00e1n suscribirse a CPECH, PDV o ambos preuniversitarios, los que les entregar\u00e1n diferentes herramientas de estudio para enfrentar este proceso. Entre ellas se cuentan videos, materiales y recursos educativos de todos los ejes y asignaturas.<\/p>\n\n\n\n<p class=\"has-text-align-center\"><strong>Sobre las alianzas<\/strong><\/p>\n\n\n\n<p>Preuniversitario Puntaje Nacional: la plataforma dispuso todos sus recursos audiovisuales en Youtube d\u00f3nde podr\u00e1n encontrar clases online y ejercicios clasificados por asignatura y por eje, para practicar los distintos temas de cada prueba.<\/p>\n\n\n\n<p>Preuniversitario CPECH: abordar\u00e1 la preparaci\u00f3n de las cuatro asignaturas (Matem\u00e1tica, Lenguaje, Historia y Ciencia), disponibilizando abiertamente sus recursos. Se requiere clave de acceso para la realizaci\u00f3n de los ensayos y as\u00ed recibir las retroalimentaciones.<\/p>\n\n\n\n<p>Adem\u00e1s, se pondr\u00e1 a disposici\u00f3n su plataforma de ejercitaci\u00f3n en donde los alumnos podr\u00e1n responder ensayos online y les permitir\u00e1 obtener retroalimentaci\u00f3n inmediata de sus desempe\u00f1os, identificando aquellas \u00e1reas m\u00e1s d\u00e9biles de una asignatura que necesita m\u00e1s refuerzo. Inicialmente se podr\u00e1 acceder a los ensayos de Lenguaje y Matem\u00e1tica. Los ensayos de las otras dos asignaturas se sumar\u00e1n durante el a\u00f1o.<\/p>\n\n\n\n<p class=\"has-text-align-center\"><strong>Para inscribirse<\/strong><\/p>\n\n\n\n<ul class=\"wp-block-list\"><li>Pueden ser estudiantes de ense\u00f1anza media y\/o egresados. Se hace un llamado especial a aquellos que deban rendir la prueba este a\u00f1o y los estudiantes de III\u00b0 medio que quieran comenzar su preparaci\u00f3n.<\/li><li>La inscripci\u00f3n estar\u00e1 abierta hasta el retorno permanente a clases. Todos los estudiantes que se inscriban durante este per\u00edodo podr\u00e1n continuar utilizando el material hasta final de a\u00f1o.<\/li><\/ul>\n\n\n\n<p>Preuniversitario PDV: Podr\u00e1n participar todos los estudiantes de IV\u00b0 medio del pa\u00eds que quieran prepararse para las pruebas de admisi\u00f3n de Lenguaje y Matem\u00e1tica. Adem\u00e1s de gu\u00edas y clases, los estudiantes podr\u00e1n acceder a ensayos online con retroalimentaci\u00f3n inmediata de sus desempe\u00f1os, identificando aquellas \u00e1reas m\u00e1s d\u00e9biles de una asignatura que necesita m\u00e1s refuerzo.<\/p>\n\n\n\n<p class=\"has-text-align-center\"><strong>Para inscribirse<\/strong><\/p>\n\n\n\n<ul class=\"wp-block-list\"><li>Los estudiantes deben estar cursando IV\u00b0 a\u00f1o medio.<\/li><li>La inscripci\u00f3n estar\u00e1 abierta hasta el 1\u00b0 de junio. Todo quien se inscriba durante este per\u00edodo, podr\u00e1 continuar utilizando el material hasta final de a\u00f1o.<\/li><\/ul>\n\n\n\n<p>Este a\u00f1o son aproximadamente 300.000 estudiantes los que deben rendir la nueva prueba de admisi\u00f3n para la educaci\u00f3n superior.<\/p>\n","protected":false},"excerpt":{"rendered":"<p>Desde esta semana se sumar\u00e1 la opci\u00f3n de preparaci\u00f3n en l\u00ednea\u00a0a trav\u00e9s de tres alianzas de Mineduc con los Preuniversitarios Cpech, Pedro de Valdivia (PDV)&hellip; <\/p>\n","protected":false},"author":2,"featured_media":0,"comment_status":"open","ping_status":"closed","sticky":false,"template":"","format":"standard","meta":{"footnotes":""},"categories":[37],"tags":[],"class_list":["post-23720","post","type-post","status-publish","format-standard","hentry","category-nacional"],"_links":{"self":[{"href":"https:\/\/www.radioamigavallenar.cl\/index.php?rest_route=\/wp\/v2\/posts\/23720","targetHints":{"allow":["GET"]}}],"collection":[{"href":"https:\/\/www.radioamigavallenar.cl\/index.php?rest_route=\/wp\/v2\/posts"}],"about":[{"href":"https:\/\/www.radioamigavallenar.cl\/index.php?rest_route=\/wp\/v2\/types\/post"}],"author":[{"embeddable":true,"href":"https:\/\/www.radioamigavallenar.cl\/index.php?rest_route=\/wp\/v2\/users\/2"}],"replies":[{"embeddable":true,"href":"https:\/\/www.radioamigavallenar.cl\/index.php?rest_route=%2Fwp%2Fv2%2Fcomments&post=23720"}],"version-history":[{"count":0,"href":"https:\/\/www.radioamigavallenar.cl\/index.php?rest_route=\/wp\/v2\/posts\/23720\/revisions"}],"wp:attachment":[{"href":"https:\/\/www.radioamigavallenar.cl\/index.php?rest_route=%2Fwp%2Fv2%2Fmedia&parent=23720"}],"wp:term":[{"taxonomy":"category","embeddable":true,"href":"https:\/\/www.radioamigavallenar.cl\/index.php?rest_route=%2Fwp%2Fv2%2Fcategories&post=23720"},{"taxonomy":"post_tag","embeddable":true,"href":"https:\/\/www.radioamigavallenar.cl\/index.php?rest_route=%2Fwp%2Fv2%2Ftags&post=23720"}],"curies":[{"name":"wp","href":"https:\/\/api.w.org\/{rel}","templated":true}]}}