{"id":23717,"date":"2020-04-30T07:22:03","date_gmt":"2020-04-30T11:22:03","guid":{"rendered":"https:\/\/www.radioamigavallenar.cl\/?p=23717"},"modified":"2020-04-30T07:22:04","modified_gmt":"2020-04-30T11:22:04","slug":"mindep-atacama-e-iplacex-firman-convenio-de-cooperacion","status":"publish","type":"post","link":"https:\/\/www.radioamigavallenar.cl\/?p=23717","title":{"rendered":"MINDEP Atacama e Iplacex firman convenio de cooperaci\u00f3n"},"content":{"rendered":"\n<figure class=\"wp-block-image size-large\"><img decoding=\"async\" src=\"https:\/\/www.radioamigavallenar.cl\/wp-content\/uploads\/2020\/04\/MINDEP.jpg\" alt=\"\" class=\"wp-image-23718\"\/><\/figure>\n\n\n\n<h5 class=\"wp-block-heading\">Acuerdo permitir\u00e1 un mejor desarrollo del deporte y la educaci\u00f3n en la ense\u00f1anza superior.<\/h5>\n\n\n\n<p>Un importante Convenio de Cooperaci\u00f3n entre el Ministerio del Deporte, a trav\u00e9s del Instituto Nacional de Deportes, y el Instituto IPLACEX, se firm\u00f3 este mi\u00e9rcoles en las dependencias de la Casa de Estudios copiapina, con el fin de constituir aportes reales y concretos al mejoramiento de la educaci\u00f3n y la actividad deportiva de la regi\u00f3n.<\/p>\n\n\n\n<p>En la ocasi\u00f3n, el Seremi del Deporte Guillermo Procuriza, junto al Director del IND Atacama, Claudio Cereceda y el Director de la Sede Copiap\u00f3 de IPLACEX, Carlos Martin, celebraron la firma de este Convenio que permitir\u00e1 un trabajo conjunto en las \u00e1reas de Planificaci\u00f3n y Desarrollo de proyectos de perfeccionamiento y capacitaci\u00f3n, adem\u00e1s de la realizaci\u00f3n de extensi\u00f3n acad\u00e9mica y cient\u00edfica.<\/p>\n\n\n\n<p>Al respecto, el Secretario Regional Ministerial del Deporte, Guillermo Procuriza, indic\u00f3 su satisfacci\u00f3n sobre este acuerdo: \u201cEn Atacama tenemos Convenios de Colaboraci\u00f3n con la mayor\u00eda de las instituciones de Educaci\u00f3n Superior, porque como gobierno del presidente Sebasti\u00e1n Pi\u00f1era, creemos que el trabajo mancomunado entre los diferentes actores de la sociedad, va a permitir que el deporte y la actividad f\u00edsica adquieran la relevancia que se merecen para que sus beneficios se traduzcan en una mejor calidad de vida para la poblaci\u00f3n y tambi\u00e9n podamos mejorar el nivel de nuestro deporte competitivo, especialmente en las Ligas Deportivas de Educaci\u00f3n Superior\u201d.<\/p>\n\n\n\n<p>Procuriza a\u00f1adi\u00f3 que entre otros puntos, el convenio interinstitucional ayudar\u00e1 a generar actividades de promoci\u00f3n, realizaci\u00f3n de seminarios, talleres y encuentros, adem\u00e1s de implementar eventos y desarrollar programas de estudios en materias deportivas y de actividad f\u00edsica.<\/p>\n","protected":false},"excerpt":{"rendered":"<p>Acuerdo permitir\u00e1 un mejor desarrollo del deporte y la educaci\u00f3n en la ense\u00f1anza superior. Un importante Convenio de Cooperaci\u00f3n entre el Ministerio del Deporte, a&hellip; <\/p>\n","protected":false},"author":2,"featured_media":0,"comment_status":"open","ping_status":"closed","sticky":false,"template":"","format":"standard","meta":{"footnotes":""},"categories":[7,8],"tags":[],"class_list":["post-23717","post","type-post","status-publish","format-standard","hentry","category-atacama","category-deportes"],"_links":{"self":[{"href":"https:\/\/www.radioamigavallenar.cl\/index.php?rest_route=\/wp\/v2\/posts\/23717","targetHints":{"allow":["GET"]}}],"collection":[{"href":"https:\/\/www.radioamigavallenar.cl\/index.php?rest_route=\/wp\/v2\/posts"}],"about":[{"href":"https:\/\/www.radioamigavallenar.cl\/index.php?rest_route=\/wp\/v2\/types\/post"}],"author":[{"embeddable":true,"href":"https:\/\/www.radioamigavallenar.cl\/index.php?rest_route=\/wp\/v2\/users\/2"}],"replies":[{"embeddable":true,"href":"https:\/\/www.radioamigavallenar.cl\/index.php?rest_route=%2Fwp%2Fv2%2Fcomments&post=23717"}],"version-history":[{"count":0,"href":"https:\/\/www.radioamigavallenar.cl\/index.php?rest_route=\/wp\/v2\/posts\/23717\/revisions"}],"wp:attachment":[{"href":"https:\/\/www.radioamigavallenar.cl\/index.php?rest_route=%2Fwp%2Fv2%2Fmedia&parent=23717"}],"wp:term":[{"taxonomy":"category","embeddable":true,"href":"https:\/\/www.radioamigavallenar.cl\/index.php?rest_route=%2Fwp%2Fv2%2Fcategories&post=23717"},{"taxonomy":"post_tag","embeddable":true,"href":"https:\/\/www.radioamigavallenar.cl\/index.php?rest_route=%2Fwp%2Fv2%2Ftags&post=23717"}],"curies":[{"name":"wp","href":"https:\/\/api.w.org\/{rel}","templated":true}]}}