{"id":23715,"date":"2020-04-30T07:18:20","date_gmt":"2020-04-30T11:18:20","guid":{"rendered":"https:\/\/www.radioamigavallenar.cl\/?p=23715"},"modified":"2020-04-30T07:18:21","modified_gmt":"2020-04-30T11:18:21","slug":"senador-prohens-pide-a-la-autoridad-sanitaria-resguardos-para-retorno-de-trabajadores","status":"publish","type":"post","link":"https:\/\/www.radioamigavallenar.cl\/?p=23715","title":{"rendered":"Senador Prohens pide a la autoridad sanitaria resguardos para retorno de trabajadores"},"content":{"rendered":"\n<figure class=\"wp-block-image size-large\"><img loading=\"lazy\" decoding=\"async\" width=\"820\" height=\"620\" src=\"https:\/\/www.radioamigavallenar.cl\/wp-content\/uploads\/2019\/08\/file_20180711002830.jpg\" alt=\"\" class=\"wp-image-15892\" srcset=\"https:\/\/www.radioamigavallenar.cl\/wp-content\/uploads\/2019\/08\/file_20180711002830.jpg 820w, https:\/\/www.radioamigavallenar.cl\/wp-content\/uploads\/2019\/08\/file_20180711002830-300x227.jpg 300w, https:\/\/www.radioamigavallenar.cl\/wp-content\/uploads\/2019\/08\/file_20180711002830-768x581.jpg 768w\" sizes=\"auto, (max-width: 820px) 100vw, 820px\" \/><\/figure>\n\n\n\n<p>\u201cLa seguridad de los trabajadores debe ser la principal caracter\u00edstica del Plan Retorno Seguro\u201d, dijo el vicepresidente de Renovaci\u00f3n Nacional y senador de Atacama, Rafael&nbsp;Prohens, de acuerdo a la instrucci\u00f3n de que parte de los servidores p\u00fablicos y del sector privado vuelvan a sus trabajos. Agreg\u00f3 que \u201csi bien necesitamos que servicios como; el Instituto de Previsi\u00f3n Social o la Direcci\u00f3n del Trabajo est\u00e9n funcionando, debemos velar&nbsp;para&nbsp;que las medidas sanitarias de prevenci\u00f3n se cumplan y no exponer a los ciudadanos\u201d.<\/p>\n\n\n\n<p>En la misma l\u00ednea, el senador realiz\u00f3 un llamado a la solidaridad de todos los atacame\u00f1os para comprender que hay personas como adultos mayores o quienes vienen de familias m\u00e1s vulnerables y con menos acceso a internet, que necesitan de la atenci\u00f3n directa, no s\u00f3lo por la falta de acceso a la tecnol\u00f3gica sino porque no la saben utilizar o bien necesitan de mayor explicaci\u00f3n e informaci\u00f3n simple para realizar los tr\u00e1mites necesarios y as\u00ed obtener los beneficios que el gobierno ha decidido implementar para colaborar con los chilenos mientras se desarrolla la crisis sanitaria.<\/p>\n\n\n\n<p>Agreg\u00f3 que \u201csin duda ha sido un mes intenso y entendemos que continuar\u00e1n los esfuerzos para lograr que el personal de salud y los atacame\u00f1os se sientan seguros, y es por lo mismo que debemos estar atentos y adelantarnos para la toma de decisiones, siempre con actitud preventiva\u201d.<\/p>\n\n\n\n<p>Es importante que el Gobierno central y regional entreguen las herramientas necesarias para que la implementaci\u00f3n del Plan Retorno Seguro proteja la salud de todos los trabajadores, contando con las medidas adecuadas de distanciamiento social, uso de mascarillas, posibilidad de lavado de manos constante, alcohol gel y mecanismos de sanitizaci\u00f3n de acuerdo a los protocolos que establezca la autoridad sanitaria. Bajo esa misma premisa, el senador enfatiz\u00f3 \u201ces necesario que la autoridad regional monitoree constantemente si se est\u00e1n aplicando los resguardos que exige el protocolo para evitar la exposici\u00f3n de los trabajadores y de quienes acudan a los servicios\u201d.<\/p>\n\n\n\n<p>Finalmente, recalc\u00f3 que \u201ccuidarnos entre nosotros mismos es clave para detener la evoluci\u00f3n del virus en la regi\u00f3n, tener una actitud humilde y responsable, ser emp\u00e1ticos con aquellos que al ser poblaci\u00f3n de riesgo no podr\u00e1n volver a sus puestos de trabajos, tal como se\u00f1al\u00f3 el presidente Sebasti\u00e1n Pi\u00f1era \u2018actuar con un esp\u00edritu unitario y una actitud constructiva\u201d.<\/p>\n","protected":false},"excerpt":{"rendered":"<p>\u201cLa seguridad de los trabajadores debe ser la principal caracter\u00edstica del Plan Retorno Seguro\u201d, dijo el vicepresidente de Renovaci\u00f3n Nacional y senador de Atacama, Rafael&nbsp;Prohens,&hellip; <\/p>\n","protected":false},"author":2,"featured_media":15892,"comment_status":"open","ping_status":"closed","sticky":false,"template":"","format":"standard","meta":{"footnotes":""},"categories":[7],"tags":[],"class_list":["post-23715","post","type-post","status-publish","format-standard","has-post-thumbnail","hentry","category-atacama"],"_links":{"self":[{"href":"https:\/\/www.radioamigavallenar.cl\/index.php?rest_route=\/wp\/v2\/posts\/23715","targetHints":{"allow":["GET"]}}],"collection":[{"href":"https:\/\/www.radioamigavallenar.cl\/index.php?rest_route=\/wp\/v2\/posts"}],"about":[{"href":"https:\/\/www.radioamigavallenar.cl\/index.php?rest_route=\/wp\/v2\/types\/post"}],"author":[{"embeddable":true,"href":"https:\/\/www.radioamigavallenar.cl\/index.php?rest_route=\/wp\/v2\/users\/2"}],"replies":[{"embeddable":true,"href":"https:\/\/www.radioamigavallenar.cl\/index.php?rest_route=%2Fwp%2Fv2%2Fcomments&post=23715"}],"version-history":[{"count":0,"href":"https:\/\/www.radioamigavallenar.cl\/index.php?rest_route=\/wp\/v2\/posts\/23715\/revisions"}],"wp:featuredmedia":[{"embeddable":true,"href":"https:\/\/www.radioamigavallenar.cl\/index.php?rest_route=\/wp\/v2\/media\/15892"}],"wp:attachment":[{"href":"https:\/\/www.radioamigavallenar.cl\/index.php?rest_route=%2Fwp%2Fv2%2Fmedia&parent=23715"}],"wp:term":[{"taxonomy":"category","embeddable":true,"href":"https:\/\/www.radioamigavallenar.cl\/index.php?rest_route=%2Fwp%2Fv2%2Fcategories&post=23715"},{"taxonomy":"post_tag","embeddable":true,"href":"https:\/\/www.radioamigavallenar.cl\/index.php?rest_route=%2Fwp%2Fv2%2Ftags&post=23715"}],"curies":[{"name":"wp","href":"https:\/\/api.w.org\/{rel}","templated":true}]}}