{"id":23712,"date":"2020-04-30T07:16:58","date_gmt":"2020-04-30T11:16:58","guid":{"rendered":"https:\/\/www.radioamigavallenar.cl\/?p=23712"},"modified":"2020-04-30T07:16:59","modified_gmt":"2020-04-30T11:16:59","slug":"senama-salud-e-injuv-toman-medidas-preventivas-para-voluntarios-que-visitan-adultos-mayores-en-atacama","status":"publish","type":"post","link":"https:\/\/www.radioamigavallenar.cl\/?p=23712","title":{"rendered":"Senama , Salud e Injuv toman medidas preventivas para voluntarios que visitan Adultos Mayores en Atacama."},"content":{"rendered":"\n<div class=\"wp-block-image\"><figure class=\"aligncenter size-large\"><img decoding=\"async\" src=\"https:\/\/www.radioamigavallenar.cl\/wp-content\/uploads\/2020\/04\/Vacunaci\u00f3n-de-jovenes-voluntarios-a-trav\u00e9s-de-servicio-de-Salud-y-gesti\u00f3n-Senama-e1588193405953.jpg\" alt=\"\" class=\"wp-image-23713\"\/><\/figure><\/div>\n\n\n\n<p>Vacunarse y tomar precauciones contra la influenza previene tambi\u00e9n la aparici\u00f3n de enfermedades secundarias que aprovechan la debilidad del organismo para atacar, el sistema autoinmune. Por lo mismo Senama decidi\u00f3 que los voluntarios del \u00e1rea de salud que est\u00e1n colaborando en visitas a los adultos mayores fuesen vacunados.<\/p>\n\n\n\n<p>La coordinadora de SENAMA Ada Bassi se\u00f1al\u00f3 \u201cFrente a esta pandemia debemos resguardar tanto a nuestros adultos mayores, como a los j\u00f3venes, que est\u00e1n en terreno brind\u00e1ndonos el apoyo que necesitamos m\u00e1s que nunca, porque pronto entraremos en la etapa de invierno en donde afloran distintas patolog\u00edas que afectan el sistema inmunol\u00f3gico, y deja a las personas vulnerables frente a otras enfermedades, de ah\u00ed la importancia de la vacunaci\u00f3n preventiva de quienes est\u00e1n efectuando operativos colaborativos con SENAMA de visita t\u00e9cnicas y medicas a las personas mayores de nuestra regi\u00f3n de Atacama\u201d<\/p>\n\n\n\n<p>Por su parte Francisca Z\u00e1rate Directora Instituto Nacional de la juventud en la regi\u00f3n asever\u00f3 \u201cNos gustar\u00eda se\u00f1alar nuestra enorme gratitud por estos voluntarios, son realmente agentes de cambio, apoyan el control en terreno de familias y adultos mayores. Por lo mismo necesitamos proteger a nuestros j\u00f3venes a trav\u00e9s de la vacunaci\u00f3n que gestion\u00f3 Senama, esto fue un compromiso que adquirimos al efectuar esta alianza junto con la Universidad Santo Tom\u00e1s, y como Gobierno ya lo hemos se\u00f1alado constantemente debemos cuidarnos entre todos.\u201d<\/p>\n\n\n\n<p>Cabe destacar que los j\u00f3venes fueron vacunados por profesionales &nbsp;del Servicio de Salud de Atacama y ma\u00f1ana nuevamente estar\u00e1n los j\u00f3venes T\u00e9cnicos en Enfermer\u00eda de la Universidad Santo Tom\u00e1s en Campamento junto a profesionales INJUV.<\/p>\n","protected":false},"excerpt":{"rendered":"<p>Vacunarse y tomar precauciones contra la influenza previene tambi\u00e9n la aparici\u00f3n de enfermedades secundarias que aprovechan la debilidad del organismo para atacar, el sistema autoinmune.&hellip; <\/p>\n","protected":false},"author":2,"featured_media":0,"comment_status":"open","ping_status":"closed","sticky":false,"template":"","format":"standard","meta":{"footnotes":""},"categories":[7],"tags":[],"class_list":["post-23712","post","type-post","status-publish","format-standard","hentry","category-atacama"],"_links":{"self":[{"href":"https:\/\/www.radioamigavallenar.cl\/index.php?rest_route=\/wp\/v2\/posts\/23712","targetHints":{"allow":["GET"]}}],"collection":[{"href":"https:\/\/www.radioamigavallenar.cl\/index.php?rest_route=\/wp\/v2\/posts"}],"about":[{"href":"https:\/\/www.radioamigavallenar.cl\/index.php?rest_route=\/wp\/v2\/types\/post"}],"author":[{"embeddable":true,"href":"https:\/\/www.radioamigavallenar.cl\/index.php?rest_route=\/wp\/v2\/users\/2"}],"replies":[{"embeddable":true,"href":"https:\/\/www.radioamigavallenar.cl\/index.php?rest_route=%2Fwp%2Fv2%2Fcomments&post=23712"}],"version-history":[{"count":0,"href":"https:\/\/www.radioamigavallenar.cl\/index.php?rest_route=\/wp\/v2\/posts\/23712\/revisions"}],"wp:attachment":[{"href":"https:\/\/www.radioamigavallenar.cl\/index.php?rest_route=%2Fwp%2Fv2%2Fmedia&parent=23712"}],"wp:term":[{"taxonomy":"category","embeddable":true,"href":"https:\/\/www.radioamigavallenar.cl\/index.php?rest_route=%2Fwp%2Fv2%2Fcategories&post=23712"},{"taxonomy":"post_tag","embeddable":true,"href":"https:\/\/www.radioamigavallenar.cl\/index.php?rest_route=%2Fwp%2Fv2%2Ftags&post=23712"}],"curies":[{"name":"wp","href":"https:\/\/api.w.org\/{rel}","templated":true}]}}