{"id":23706,"date":"2020-04-30T07:13:44","date_gmt":"2020-04-30T11:13:44","guid":{"rendered":"https:\/\/www.radioamigavallenar.cl\/?p=23706"},"modified":"2020-04-30T07:13:45","modified_gmt":"2020-04-30T11:13:45","slug":"comenzo-entrega-de-kits-sanitarios-en-18-campamentos-de-atacama","status":"publish","type":"post","link":"https:\/\/www.radioamigavallenar.cl\/?p=23706","title":{"rendered":"Comenz\u00f3 entrega de kits sanitarios en 18 campamentos de Atacama"},"content":{"rendered":"\n<div class=\"wp-block-image\"><figure class=\"aligncenter size-large\"><img decoding=\"async\" src=\"https:\/\/www.radioamigavallenar.cl\/wp-content\/uploads\/2020\/04\/Foto-6-equipo-Gobierno-de-Chile-entrega-Kits-de-aseo-en-campamentos.jpeg-e1588193521260.jpg\" alt=\"\" class=\"wp-image-23707\"\/><\/figure><\/div>\n\n\n\n<p>Familias de Copiap\u00f3, Vallenar, Tierra Amarilla y Huasco, recibir\u00e1n set de \u00fatiles de aseo gracias a alianza Minvu-Unilever.<\/p>\n\n\n\n<p>Comenz\u00f3 la distribuci\u00f3n de 1.600 kits de art\u00edculos de limpieza y aseo beneficiando a familias de 18 campamentos de Atacama, medida que se enmarca en el plan de Gobierno que busca prevenir contagios del coronavirus en la regi\u00f3n.<\/p>\n\n\n\n<p>Los kits sanitarios incluyen jab\u00f3n en barra, pasta dental para adultos y ni\u00f1os, cepillo de dientes, detergente, lavalozas, limpiador en crema y un pa\u00f1o multiuso, elementos considerados como esenciales para resguardar la higiene en los hogares y de esta forma aportar a la limpieza personal y desinfecci\u00f3n de \u00e1reas de uso com\u00fan.<\/p>\n\n\n\n<p>La entrega de estos productos de aseo comenz\u00f3 en 3 campamentos de Tierra Amarilla, continuando con otros 12 asentamientos precarios de Copiap\u00f3, finalizando este jueves en Vallenar y Huasco, donde se entregar\u00e1 este kit en 2 y 1 campamentos, respectivamente.<\/p>\n\n\n\n<p>Sobre este apoyo a las familias, la Gobernadora de la provincia de Copiap\u00f3, Paulina Bassaure, destac\u00f3 la labor del Gobierno del Presidente Pi\u00f1era, \u201cquien en coordinaci\u00f3n con el MINVU y acci\u00f3n colaborativa entre p\u00fablicos y privados les entregan estos kits de limpieza a familias que forman parte del programa campamentos apoyando y reforzando la prevenci\u00f3n de las familias con especial preocupaci\u00f3n en adultos mayores y ni\u00f1os respecto del coronavirus\u201d.<\/p>\n\n\n\n<p>Por su parte Juan Suazo, Presidente de la Junta de Vecinos Vista al Valle, comuna de Copiap\u00f3, dijo que \u201ctodos estos implementos son necesarios para todos los que vivimos aqu\u00ed, para darnos m\u00e1s seguridad y sanitizar nuestros hogares, es una buena medida la que tuvimos aqu\u00ed y agradecemos estos kits de \u00fatiles de aseo\u201d.<\/p>\n\n\n\n<p>Finalmente, Rocio Diaz, Seremi (s) de Minvu Atacama, destac\u00f3 la medida que servir\u00e1 para apoyar a mil 600 familias de Atacama con insumos b\u00e1sicos que permitir\u00e1n reforzar la limpieza personal y de hogares, aprovechando la oportunidad para agradecer la labor del Ej\u00e9rcito de Chile quien a nivel nacional ha apoyado esta tarea con la recepci\u00f3n de estos kits y la distribuci\u00f3n en terreno de este material.<\/p>\n","protected":false},"excerpt":{"rendered":"<p>Familias de Copiap\u00f3, Vallenar, Tierra Amarilla y Huasco, recibir\u00e1n set de \u00fatiles de aseo gracias a alianza Minvu-Unilever. Comenz\u00f3 la distribuci\u00f3n de 1.600 kits de&hellip; <\/p>\n","protected":false},"author":2,"featured_media":0,"comment_status":"open","ping_status":"closed","sticky":false,"template":"","format":"standard","meta":{"footnotes":""},"categories":[7,4,1,2],"tags":[],"class_list":["post-23706","post","type-post","status-publish","format-standard","hentry","category-atacama","category-huasco","category-provincia-del-huasco-2","category-vallenar"],"_links":{"self":[{"href":"https:\/\/www.radioamigavallenar.cl\/index.php?rest_route=\/wp\/v2\/posts\/23706","targetHints":{"allow":["GET"]}}],"collection":[{"href":"https:\/\/www.radioamigavallenar.cl\/index.php?rest_route=\/wp\/v2\/posts"}],"about":[{"href":"https:\/\/www.radioamigavallenar.cl\/index.php?rest_route=\/wp\/v2\/types\/post"}],"author":[{"embeddable":true,"href":"https:\/\/www.radioamigavallenar.cl\/index.php?rest_route=\/wp\/v2\/users\/2"}],"replies":[{"embeddable":true,"href":"https:\/\/www.radioamigavallenar.cl\/index.php?rest_route=%2Fwp%2Fv2%2Fcomments&post=23706"}],"version-history":[{"count":0,"href":"https:\/\/www.radioamigavallenar.cl\/index.php?rest_route=\/wp\/v2\/posts\/23706\/revisions"}],"wp:attachment":[{"href":"https:\/\/www.radioamigavallenar.cl\/index.php?rest_route=%2Fwp%2Fv2%2Fmedia&parent=23706"}],"wp:term":[{"taxonomy":"category","embeddable":true,"href":"https:\/\/www.radioamigavallenar.cl\/index.php?rest_route=%2Fwp%2Fv2%2Fcategories&post=23706"},{"taxonomy":"post_tag","embeddable":true,"href":"https:\/\/www.radioamigavallenar.cl\/index.php?rest_route=%2Fwp%2Fv2%2Ftags&post=23706"}],"curies":[{"name":"wp","href":"https:\/\/api.w.org\/{rel}","templated":true}]}}