{"id":23529,"date":"2020-04-24T07:32:10","date_gmt":"2020-04-24T11:32:10","guid":{"rendered":"https:\/\/www.radioamigavallenar.cl\/?p=23529"},"modified":"2020-04-24T07:32:11","modified_gmt":"2020-04-24T11:32:11","slug":"agricultores-de-vallenar-obtienen-permiso-para-vender-en-puntos-estrategicos-de-la-ciudad","status":"publish","type":"post","link":"https:\/\/www.radioamigavallenar.cl\/?p=23529","title":{"rendered":"Agricultores de Vallenar obtienen permiso para vender en puntos estrat\u00e9gicos de la ciudad."},"content":{"rendered":"\n<div class=\"wp-block-image\"><figure class=\"aligncenter size-large\"><img decoding=\"async\" src=\"https:\/\/www.radioamigavallenar.cl\/wp-content\/uploads\/2020\/04\/WhatsApp-Image-2020-04-23-at-15.25.40.jpeg\" alt=\"\" class=\"wp-image-23530\"\/><\/figure><\/div>\n\n\n\n<p>Un grupo de ocho peque\u00f1os agricultores apoyados por la municipalidad e INDAP est\u00e1n ofreciendo productos campesinos en puntos estrat\u00e9gicos de la comuna, como una manera de seguir abasteciendo a sus habitantes y entregando semanalmente productos frescos frente a la pandemia por el Covid-19.&nbsp;<\/p>\n\n\n\n<p>En el sector de la rotonda Vista Alegre en la poblaci\u00f3n Rafael Torreblanca y en la explanada del condominio Las Pircas en la salida norte a Huasco, este viernes 24 y s\u00e1bado 25 de abril respectivamente los agricultores volver\u00e1n a decir presente y estar\u00e1n entre las 09:00 y 14:30 hrs. atendiendo a los vecinos.&nbsp;<\/p>\n\n\n\n<p>Su organizador es Jaime Molina&nbsp;&nbsp;representante de la Agrupaci\u00f3n de Peque\u00f1os Agricultores del Valle del Huasco, quien aclar\u00f3 \u201chemos recibido la autorizaci\u00f3n de parte del alcalde de Vallenar a quien agradezco su gesti\u00f3n y de INDAP, por la posibilidad de volver a vender a los vecinos de la comuna, porque sabemos que la gente prefiere productos frescos y sin intermediarios. Ellos \u2013agreg\u00f3- conocen nuestro trabajo, lo cual nos abre un canal de comercializaci\u00f3n estable en estos momentos que enfrentamos los efectos del coronavirus\u201d. Molina destac\u00f3 a su vez que est\u00e1n tomando todas las medidas de seguridad correspondientes como lo indica la autoridad sanitaria. \u201cHemos establecido una rotaci\u00f3n de nuestros productores para que no sean siempre el mismo grupo que est\u00e9 vendiendo. Asimismo puedo contar que tenemos una cadena de abastecimiento de usuarios adultos mayores de INDAP que l\u00f3gicamente no pueden vender f\u00edsicamente, pero nos entregan la mercader\u00eda de forma peri\u00f3dica y as\u00ed estamos tratando que todos vendan y de acercar los productos del campo a los hogares de forma segura\u201d, a\u00f1adi\u00f3.<\/p>\n\n\n\n<p>El productor se\u00f1ala adem\u00e1s que \u201cprincipalmente estamos vendiendo hortalizas que es lo que la gente agradece en estos momentos y es muy probable -por el \u00e9xito de la primera experiencia el fin de semana pasado- que ampliemos a otros puntos de ventas de Vallenar esta feria. Queremos evitar la aglomeraci\u00f3n de gente debido a las recomendaciones que nos ha hecho el municipio y el Ministerio de Salud\u201d recalc\u00f3 finalmente Jaime Molina.<\/p>\n\n\n\n<p>Para la directora regional de INDAP,\u00a0Mariela\u00a0Herrera, esta es una muy buena alternativa para que la agricultura siga abasteciendo los hogares de los vallenarinos y de la regi\u00f3n \u201cestamos trabajando para abrir nuevas posibilidades de comercializaci\u00f3n para nuestros usuarios, pero de forma segura, cuidando los protocolos que establece la autoridad sanitaria considerando que la agricultura es una actividad declarada cr\u00edtica para la alimentaci\u00f3n de la regi\u00f3n y del pa\u00eds\u201d. <\/p>\n\n\n\n<p>La autoridad\u00a0\u00a0agreg\u00f3 que \u201cesta iniciativa se suma a otras tantas que como Ministerio de Agricultura a trav\u00e9s de INDAP estamos implementando, como por ejemplo un cat\u00e1logo nacional y un mercadito virtual de Atacama en el cual la gente puede conocer informaci\u00f3n de los agricultores, saber su disponibilidad de productos y los tel\u00e9fonos de contacto para que hagan pedidos en l\u00ednea. As\u00ed mismo, algunos agricultores de Copiap\u00f3 est\u00e1n entregando cajas de hortalizas a domicilio.\u00a0\u00a0Por otro lado, tambi\u00e9n seguimos manteniendo activo un Mercado Campesino en Huasco, todos los viernes, para abastecer a los habitantes de esa comuna gracias a la coordinaci\u00f3n con el Prodesal y el municipio\u201d se\u00f1al\u00f3 la autoridad.<\/p>\n","protected":false},"excerpt":{"rendered":"<p>Un grupo de ocho peque\u00f1os agricultores apoyados por la municipalidad e INDAP est\u00e1n ofreciendo productos campesinos en puntos estrat\u00e9gicos de la comuna, como una manera&hellip; <\/p>\n","protected":false},"author":2,"featured_media":0,"comment_status":"open","ping_status":"closed","sticky":false,"template":"","format":"standard","meta":{"footnotes":""},"categories":[1,2],"tags":[],"class_list":["post-23529","post","type-post","status-publish","format-standard","hentry","category-provincia-del-huasco-2","category-vallenar"],"_links":{"self":[{"href":"https:\/\/www.radioamigavallenar.cl\/index.php?rest_route=\/wp\/v2\/posts\/23529","targetHints":{"allow":["GET"]}}],"collection":[{"href":"https:\/\/www.radioamigavallenar.cl\/index.php?rest_route=\/wp\/v2\/posts"}],"about":[{"href":"https:\/\/www.radioamigavallenar.cl\/index.php?rest_route=\/wp\/v2\/types\/post"}],"author":[{"embeddable":true,"href":"https:\/\/www.radioamigavallenar.cl\/index.php?rest_route=\/wp\/v2\/users\/2"}],"replies":[{"embeddable":true,"href":"https:\/\/www.radioamigavallenar.cl\/index.php?rest_route=%2Fwp%2Fv2%2Fcomments&post=23529"}],"version-history":[{"count":0,"href":"https:\/\/www.radioamigavallenar.cl\/index.php?rest_route=\/wp\/v2\/posts\/23529\/revisions"}],"wp:attachment":[{"href":"https:\/\/www.radioamigavallenar.cl\/index.php?rest_route=%2Fwp%2Fv2%2Fmedia&parent=23529"}],"wp:term":[{"taxonomy":"category","embeddable":true,"href":"https:\/\/www.radioamigavallenar.cl\/index.php?rest_route=%2Fwp%2Fv2%2Fcategories&post=23529"},{"taxonomy":"post_tag","embeddable":true,"href":"https:\/\/www.radioamigavallenar.cl\/index.php?rest_route=%2Fwp%2Fv2%2Ftags&post=23529"}],"curies":[{"name":"wp","href":"https:\/\/api.w.org\/{rel}","templated":true}]}}