{"id":23526,"date":"2020-04-24T07:27:22","date_gmt":"2020-04-24T11:27:22","guid":{"rendered":"https:\/\/www.radioamigavallenar.cl\/?p=23526"},"modified":"2020-04-24T07:27:24","modified_gmt":"2020-04-24T11:27:24","slug":"fundacion-teleton-llega-a-caldera-con-la-rehabilitacion-a-distancia","status":"publish","type":"post","link":"https:\/\/www.radioamigavallenar.cl\/?p=23526","title":{"rendered":"Fundaci\u00f3n Telet\u00f3n llega a Caldera con la rehabilitaci\u00f3n a distancia"},"content":{"rendered":"\n<div class=\"wp-block-image\"><figure class=\"aligncenter size-large\"><img decoding=\"async\" src=\"https:\/\/www.radioamigavallenar.cl\/wp-content\/uploads\/2020\/04\/Fima-convenio-Telet\u00f3n-Caldera-1024x768.jpg\" alt=\"\" class=\"wp-image-23527\"\/><\/figure><\/div>\n\n\n\n<p>Como parte del trabajo colaborativo entre el Instituto Telet\u00f3n de Atacama y el Municipio de Caldera, ayer jueves se concret\u00f3 la firma de convenio N.26 del programa de Telerehabilitaci\u00f3n \u201cTelet\u00f3n en Tu Comuna\u201d, que acerca la rehabilitaci\u00f3n a los pacientes para evitar traslados y potenciar la continuidad en los tratamientos.<\/p>\n\n\n\n<p>As\u00ed lo explica el director de Telet\u00f3n Atacama, Rub\u00e9n Soto, quien se\u00f1al\u00f3 que \u201cla rehabilitaci\u00f3n a distancia se ha planteado como uno de los objetivos para el a\u00f1o 2020, mejorar la cobertura y atenci\u00f3n de los pacientes que se atiendan con las herramientas tecnol\u00f3gicas que ofrecen los programas de Telerehabilitaci\u00f3n. En este sentido, luego de un gran esfuerzo t\u00e9cnico y humano, es que se logra firmar este anhelado convenio colaborativo de \u201cTelet\u00f3n en tu Comuna\u201d entre la Municipalidad de Caldera y el IT Atacama que beneficiar\u00e1 a 20 familias\u201d.<\/p>\n\n\n\n<p>La comuna de Caldera se encuentra a m\u00e1s de 70 kil\u00f3metros de distancia de la Telet\u00f3n de Atacama, equivalente a un trayecto en locomoci\u00f3n colectiva de 3 horas aproximadamente (ida y vuelta) con una frecuencia de atenci\u00f3n de 2 veces a la semana. Lo que significar\u00e1 un beneficio en la calidad de vida de los pacientes.<\/p>\n\n\n\n<p>Por su parte, la alcaldesa de Caldera, Brunilda Gonz\u00e1lez, indic\u00f3 que \u201cvaloro el aporte que hace Telet\u00f3n para todas nuestras ni\u00f1as, ni\u00f1os y adolescentes en situaci\u00f3n de discapacidad. Tendr\u00e1n un mejor sistema, con asistencia de los profesionales de la comuna de Caldera que forman parte de este convenio\u201d adem\u00e1s agreg\u00f3 la importancia del ahorro que significa para las familias \u201ctendr\u00e1n un ahorro en tiempos tan dif\u00edciles como en pandemia, donde muchas familias han perdido sus trabajos\u201d dijo valorando el esfuerzo que realizan ambas instituciones.<\/p>\n\n\n\n<h3 class=\"has-text-align-center wp-block-heading\">&nbsp;\u00bfEn qu\u00e9 consiste este Proyecto?<\/h3>\n\n\n\n<p>\u201cTelet\u00f3n en Tu Comuna\u201d consiste en la realizaci\u00f3n de sesiones terap\u00e9uticas a distancia, a trav\u00e9s de la implementaci\u00f3n de un espacio de rehabilitaci\u00f3n virtual en puntos claves, como Centros Comunitarios de Rehabilitaci\u00f3n, Centros de Salud Familiar, Salas de Rehabilitaci\u00f3n Integral, entre otros centros p\u00fablicos de Salud. Dichas actividades son monitoreadas desde un Instituto Telet\u00f3n de correspondencia geogr\u00e1fica, pero a su vez son guiadas in situ por profesionales de salud, previamente capacitados por el Encargado de Telerehabilitaci\u00f3n Regional.<\/p>\n\n\n\n<p>Estas plataformas capturan los movimientos del usuario, mediante sensores que registran y env\u00edan la informaci\u00f3n a una base de datos quedando a disposici\u00f3n del kinesi\u00f3logo del Instituto Telet\u00f3n, quien evaluar\u00e1 y analizar\u00e1 los datos para generar las sesiones y retroalimentaci\u00f3n correspondiente.<\/p>\n\n\n\n<h3 class=\"has-text-align-center wp-block-heading\"><strong>Contingencia Sanitaria COVID-19<\/strong><\/h3>\n\n\n\n<p>En relaci\u00f3n a la contingencia sanitaria decretada por el Ministerio de Salud, el Instituto Telet\u00f3n Atacama se encuentra trabajando en modalidad de teletrabajo desde el d\u00eda 18 de marzo y adem\u00e1s realizando atenciones urgentes e impostergables presenciales con todos los cuidados y recomendaciones de la autoridad sanitaria.<\/p>\n\n\n\n<p>En este contexto de contingencia sanitaria, donde existe un distanciamiento social y aislamiento responsable, es que las herramientas de Telerehabilitaci\u00f3n toman mayor importancia, para mantener la continuidad de las atenciones en los m\u00e1s de 600 usuarios y familias que se atienden en Telet\u00f3n en la regi\u00f3n.<\/p>\n","protected":false},"excerpt":{"rendered":"<p>Como parte del trabajo colaborativo entre el Instituto Telet\u00f3n de Atacama y el Municipio de Caldera, ayer jueves se concret\u00f3 la firma de convenio N.26&hellip; <\/p>\n","protected":false},"author":2,"featured_media":0,"comment_status":"open","ping_status":"closed","sticky":false,"template":"","format":"standard","meta":{"footnotes":""},"categories":[7],"tags":[],"class_list":["post-23526","post","type-post","status-publish","format-standard","hentry","category-atacama"],"_links":{"self":[{"href":"https:\/\/www.radioamigavallenar.cl\/index.php?rest_route=\/wp\/v2\/posts\/23526","targetHints":{"allow":["GET"]}}],"collection":[{"href":"https:\/\/www.radioamigavallenar.cl\/index.php?rest_route=\/wp\/v2\/posts"}],"about":[{"href":"https:\/\/www.radioamigavallenar.cl\/index.php?rest_route=\/wp\/v2\/types\/post"}],"author":[{"embeddable":true,"href":"https:\/\/www.radioamigavallenar.cl\/index.php?rest_route=\/wp\/v2\/users\/2"}],"replies":[{"embeddable":true,"href":"https:\/\/www.radioamigavallenar.cl\/index.php?rest_route=%2Fwp%2Fv2%2Fcomments&post=23526"}],"version-history":[{"count":0,"href":"https:\/\/www.radioamigavallenar.cl\/index.php?rest_route=\/wp\/v2\/posts\/23526\/revisions"}],"wp:attachment":[{"href":"https:\/\/www.radioamigavallenar.cl\/index.php?rest_route=%2Fwp%2Fv2%2Fmedia&parent=23526"}],"wp:term":[{"taxonomy":"category","embeddable":true,"href":"https:\/\/www.radioamigavallenar.cl\/index.php?rest_route=%2Fwp%2Fv2%2Fcategories&post=23526"},{"taxonomy":"post_tag","embeddable":true,"href":"https:\/\/www.radioamigavallenar.cl\/index.php?rest_route=%2Fwp%2Fv2%2Ftags&post=23526"}],"curies":[{"name":"wp","href":"https:\/\/api.w.org\/{rel}","templated":true}]}}