{"id":23520,"date":"2020-04-24T07:20:41","date_gmt":"2020-04-24T11:20:41","guid":{"rendered":"https:\/\/www.radioamigavallenar.cl\/?p=23520"},"modified":"2020-04-24T07:20:41","modified_gmt":"2020-04-24T11:20:41","slug":"ministro-de-educacion-raul-figueroa-la-seguridad-es-el-principio-fundamental-del-plan-de-vuelta-a-clases","status":"publish","type":"post","link":"https:\/\/www.radioamigavallenar.cl\/?p=23520","title":{"rendered":"Ministro de Educaci\u00f3n, Ra\u00fal Figueroa: \u201cLa seguridad es el principio fundamental del plan de vuelta a clases\u201d"},"content":{"rendered":"\n<div class=\"wp-block-image\"><figure class=\"aligncenter size-large\"><img decoding=\"async\" src=\"https:\/\/www.radioamigavallenar.cl\/wp-content\/uploads\/2020\/04\/raul-figueroa-1024x577.jpg\" alt=\"\" class=\"wp-image-23521\"\/><\/figure><\/div>\n\n\n\n<ul class=\"wp-block-list\"><li>La fecha oficial de vuelta a clases ser\u00e1 informada oportunamente cuando las condiciones sanitarias lo permitan.<\/li><li>Mientras se mantenga la medida de suspensi\u00f3n de clases, el Mineduc mantendr\u00e1, e incluso reforzar\u00e1, el apoyo que ha gestionado hasta la fecha en recursos pedag\u00f3gicos y tambi\u00e9n alimentaci\u00f3n.<\/li><\/ul>\n\n\n\n<p>\u201cTerminado el per\u00edodo de vacaciones anticipadas de invierno, se extiende la suspensi\u00f3n de clases presenciales, hasta que las condiciones sanitarias permitan un retorno gradual\u201d, se\u00f1al\u00f3 el ministro de Educaci\u00f3n, Ra\u00fal Figueroa, junto al subsecretario de Educaci\u00f3n, Jorge Poblete, en un punto de prensa que se realiz\u00f3 cerca de las 18:00 en el Ministerio de Educaci\u00f3n.&nbsp;<\/p>\n\n\n\n<p>En la oportunidad, donde respondieron a las principales dudas de la prensa sobre el proceso de retorno a clases, la autoridad fue enf\u00e1tica y se\u00f1al\u00f3 adem\u00e1s que la fecha oficial para llevar a cabo este proceso, ser\u00e1 informada oportunamente y que mientras se mantenga la medida de suspensi\u00f3n de clases, el Mineduc mantendr\u00e1, e incluso reforzar\u00e1, el apoyo que ha gestionado hasta la fecha en en recursos pedag\u00f3cos y tambi\u00e9n alimentaci\u00f3n. Adem\u00e1s, la autoridad record\u00f3 que el pr\u00f3ximo lunes 27 de abril comenzar\u00e1n las emisiones de las c\u00e1psulas pedag\u00f3gicas del Mineduc en TV Educa y que la programaci\u00f3n se dar\u00e1 a conocer el pr\u00f3ximo s\u00e1bado 25 de abril.<\/p>\n\n\n\n<p>A su vez en la jornada&nbsp; se detall\u00f3 que el plan de retorno a clases que se est\u00e1 trabajando desde el ministerio est\u00e1 basado sobre tres principios:<\/p>\n\n\n\n<ul class=\"wp-block-list\"><li>Seguridad: se retomar\u00e1n las clases cuando las condiciones sanitarias lo permitan.<\/li><\/ul>\n\n\n\n<ul class=\"wp-block-list\"><li>Gradualidad: este proceso llevar\u00e1 a cabo de la mano de una fuerte flexibilidad para que los establecimientos puedan retomar las clases de acuerdo a las condiciones particulares de cada uno.<\/li><\/ul>\n\n\n\n<ul class=\"wp-block-list\"><li>Equidad: se trabajar\u00e1 para que todas las familias puedan utilizar el espacio de seguridad y protecci\u00f3n que brindan las escuelas.<\/li><\/ul>\n\n\n\n<p>Figueroa tambi\u00e9n indic\u00f3 que actualmente se est\u00e1 trabajando en una adecuaci\u00f3n y priorizaci\u00f3n curricular que podr\u00e1 extenderse o comprimirse en el tiempo, el cual asegura que los contenidos fundamentales van a estar presentes, m\u00e1s all\u00e1 de lo que dure la pandemia.<\/p>\n","protected":false},"excerpt":{"rendered":"<p>La fecha oficial de vuelta a clases ser\u00e1 informada oportunamente cuando las condiciones sanitarias lo permitan. Mientras se mantenga la medida de suspensi\u00f3n de clases,&hellip; <\/p>\n","protected":false},"author":2,"featured_media":0,"comment_status":"open","ping_status":"closed","sticky":false,"template":"","format":"standard","meta":{"footnotes":""},"categories":[7,37],"tags":[],"class_list":["post-23520","post","type-post","status-publish","format-standard","hentry","category-atacama","category-nacional"],"_links":{"self":[{"href":"https:\/\/www.radioamigavallenar.cl\/index.php?rest_route=\/wp\/v2\/posts\/23520","targetHints":{"allow":["GET"]}}],"collection":[{"href":"https:\/\/www.radioamigavallenar.cl\/index.php?rest_route=\/wp\/v2\/posts"}],"about":[{"href":"https:\/\/www.radioamigavallenar.cl\/index.php?rest_route=\/wp\/v2\/types\/post"}],"author":[{"embeddable":true,"href":"https:\/\/www.radioamigavallenar.cl\/index.php?rest_route=\/wp\/v2\/users\/2"}],"replies":[{"embeddable":true,"href":"https:\/\/www.radioamigavallenar.cl\/index.php?rest_route=%2Fwp%2Fv2%2Fcomments&post=23520"}],"version-history":[{"count":0,"href":"https:\/\/www.radioamigavallenar.cl\/index.php?rest_route=\/wp\/v2\/posts\/23520\/revisions"}],"wp:attachment":[{"href":"https:\/\/www.radioamigavallenar.cl\/index.php?rest_route=%2Fwp%2Fv2%2Fmedia&parent=23520"}],"wp:term":[{"taxonomy":"category","embeddable":true,"href":"https:\/\/www.radioamigavallenar.cl\/index.php?rest_route=%2Fwp%2Fv2%2Fcategories&post=23520"},{"taxonomy":"post_tag","embeddable":true,"href":"https:\/\/www.radioamigavallenar.cl\/index.php?rest_route=%2Fwp%2Fv2%2Ftags&post=23520"}],"curies":[{"name":"wp","href":"https:\/\/api.w.org\/{rel}","templated":true}]}}