{"id":23400,"date":"2020-04-21T07:30:22","date_gmt":"2020-04-21T11:30:22","guid":{"rendered":"https:\/\/www.radioamigavallenar.cl\/?p=23400"},"modified":"2020-04-21T07:30:36","modified_gmt":"2020-04-21T11:30:36","slug":"diputada-sofia-cid-destaco-anuncio-presidencial-del-ingreso-familiar-de-emergencia-que-beneficiara-a-los-hogares-de-ingresos-informales-del-pais","status":"publish","type":"post","link":"https:\/\/www.radioamigavallenar.cl\/?p=23400","title":{"rendered":"Diputada Sof\u00eda Cid destac\u00f3 anuncio presidencial del ingreso familiar de emergencia, que beneficiar\u00e1 a los hogares de ingresos informales del pa\u00eds."},"content":{"rendered":"\n<div class=\"wp-block-image\"><figure class=\"aligncenter size-large\"><img loading=\"lazy\" decoding=\"async\" width=\"1024\" height=\"682\" src=\"https:\/\/www.radioamigavallenar.cl\/wp-content\/uploads\/2019\/07\/Sofia-Cid-HRC-1024x682.jpeg\" alt=\"\" class=\"wp-image-14485\" srcset=\"https:\/\/www.radioamigavallenar.cl\/wp-content\/uploads\/2019\/07\/Sofia-Cid-HRC-1024x682.jpeg 1024w, https:\/\/www.radioamigavallenar.cl\/wp-content\/uploads\/2019\/07\/Sofia-Cid-HRC-300x200.jpeg 300w, https:\/\/www.radioamigavallenar.cl\/wp-content\/uploads\/2019\/07\/Sofia-Cid-HRC-768x512.jpeg 768w, https:\/\/www.radioamigavallenar.cl\/wp-content\/uploads\/2019\/07\/Sofia-Cid-HRC.jpeg 1280w\" sizes=\"auto, (max-width: 1024px) 100vw, 1024px\" \/><\/figure><\/div>\n\n\n\n<p>La Diputada RN por Atacama, Sof\u00eda Cid Versalovic coment\u00f3 ayer lunes el anuncio realizado por el Presidente de la Rep\u00fablica, sobre el Proyecto de ley, con el cual se crea el ingreso familiar de emergencia.<\/p>\n\n\n\n<p>Dicho instrumento tiene por objetivo primordial apoyar a los hogares m\u00e1s vulnerables, principalmente aquellos que cuentan con trabajos mayoritariamente informales y que se han visto afectados por la pandemia de coronavirus.<\/p>\n\n\n\n<p>La parlamentaria destac\u00f3 que esta iniciativa entregar\u00e1 un complemento al ingreso de las familias afectadas por la emergencia sanitaria para hogares con ingresos informales, beneficiando al menos a 1.780.000 hogares, los que est\u00e1n integrados en promedio por 2,5 personas cada uno, llegando as\u00ed al menos 4,5 millones de personas.<\/p>\n\n\n\n<p>Cid Versalovic mencion\u00f3 que el beneficio alcanzar\u00e1 al 60% m\u00e1s vulnerable de Chile, por lo que indic\u00f3 que es necesario que cada n\u00facleo familiar actualice sus ingresos en el Registro Social de Hogares.<\/p>\n\n\n\n<figure class=\"wp-block-audio\"><audio controls src=\"https:\/\/www.radioamigavallenar.cl\/wp-content\/uploads\/2020\/04\/Sofia-Cid-Anuncio-ingreso-emergencia.mp3\"><\/audio><\/figure>\n\n\n\n<p>En cuanto a la operatividad del proyecto presentado por el Ejecutivo, este se entregar\u00e1 por tres meses, reduci\u00e9ndose de manera gradual, por lo que el primer mes se recibir\u00e1 el 100% del beneficio, el segundo mes el 80% y el tercer mes el 70%.<\/p>\n\n\n\n<p>En cuanto al monto que recibir\u00e1n los beneficiados, esto depender\u00e1 del tama\u00f1o del hogar y de la situaci\u00f3n socioecon\u00f3mica de la familia, disminuyendo a menor vulnerabilidad, dijo Sof\u00eda Cid: \u201cLas familias que se encuentren en el tramo de vulnerabilidad del 40%, recibir\u00e1n el 100% del beneficio, mientras que quienes se encuentran entre el 41 y el 60% m\u00e1s vulnerable recibir\u00e1n dos tercios del beneficio. Con esto se entrega un subsidio mayor a mayor nivel de vulnerabilidad social\u201d, especific\u00f3.<\/p>\n\n\n\n<p>Finalmente, la Diputada Cid indic\u00f3 que \u201cla medida tendr\u00e1 un costo fiscal mensual cercano a los US$ 300 millones de d\u00f3lares, y este pago depender\u00e1 de la aprobaci\u00f3n del Proyecto de Ley, por lo cual insisti\u00f3 en el llamado a los parlamentarios de Atacama y del resto de pa\u00eds a apoyar la iniciativa.<\/p>\n","protected":false},"excerpt":{"rendered":"<p>La Diputada RN por Atacama, Sof\u00eda Cid Versalovic coment\u00f3 ayer lunes el anuncio realizado por el Presidente de la Rep\u00fablica, sobre el Proyecto de ley,&hellip; <\/p>\n","protected":false},"author":2,"featured_media":14485,"comment_status":"open","ping_status":"closed","sticky":false,"template":"","format":"standard","meta":{"footnotes":""},"categories":[7],"tags":[],"class_list":["post-23400","post","type-post","status-publish","format-standard","has-post-thumbnail","hentry","category-atacama"],"_links":{"self":[{"href":"https:\/\/www.radioamigavallenar.cl\/index.php?rest_route=\/wp\/v2\/posts\/23400","targetHints":{"allow":["GET"]}}],"collection":[{"href":"https:\/\/www.radioamigavallenar.cl\/index.php?rest_route=\/wp\/v2\/posts"}],"about":[{"href":"https:\/\/www.radioamigavallenar.cl\/index.php?rest_route=\/wp\/v2\/types\/post"}],"author":[{"embeddable":true,"href":"https:\/\/www.radioamigavallenar.cl\/index.php?rest_route=\/wp\/v2\/users\/2"}],"replies":[{"embeddable":true,"href":"https:\/\/www.radioamigavallenar.cl\/index.php?rest_route=%2Fwp%2Fv2%2Fcomments&post=23400"}],"version-history":[{"count":0,"href":"https:\/\/www.radioamigavallenar.cl\/index.php?rest_route=\/wp\/v2\/posts\/23400\/revisions"}],"wp:featuredmedia":[{"embeddable":true,"href":"https:\/\/www.radioamigavallenar.cl\/index.php?rest_route=\/wp\/v2\/media\/14485"}],"wp:attachment":[{"href":"https:\/\/www.radioamigavallenar.cl\/index.php?rest_route=%2Fwp%2Fv2%2Fmedia&parent=23400"}],"wp:term":[{"taxonomy":"category","embeddable":true,"href":"https:\/\/www.radioamigavallenar.cl\/index.php?rest_route=%2Fwp%2Fv2%2Fcategories&post=23400"},{"taxonomy":"post_tag","embeddable":true,"href":"https:\/\/www.radioamigavallenar.cl\/index.php?rest_route=%2Fwp%2Fv2%2Ftags&post=23400"}],"curies":[{"name":"wp","href":"https:\/\/api.w.org\/{rel}","templated":true}]}}