{"id":23397,"date":"2020-04-21T07:25:46","date_gmt":"2020-04-21T11:25:46","guid":{"rendered":"https:\/\/www.radioamigavallenar.cl\/?p=23397"},"modified":"2020-04-21T07:25:47","modified_gmt":"2020-04-21T11:25:47","slug":"preocupacion-en-la-comuna-de-freirina-por-anuncio-de-retorno-a-clases","status":"publish","type":"post","link":"https:\/\/www.radioamigavallenar.cl\/?p=23397","title":{"rendered":"Preocupaci\u00f3n en la comuna de Freirina por anuncio de retorno a clases."},"content":{"rendered":"\n<div class=\"wp-block-image\"><figure class=\"aligncenter size-large\"><img decoding=\"async\" src=\"https:\/\/www.radioamigavallenar.cl\/wp-content\/uploads\/2020\/04\/Comisi\u00f3n-Educaci\u00f3n-1024x576.jpeg\" alt=\"\" class=\"wp-image-23398\"\/><\/figure><\/div>\n\n\n\n<p><strong>Comisi\u00f3n de Educaci\u00f3n del Concejo Municipal de Freirina plante\u00f3 al Director del Slep de Huasco preocupaciones entorno a la vuelta de clases anunciada para mayo<\/strong><\/p>\n\n\n\n<p>La Comisi\u00f3n de Educaci\u00f3n del Concejo Municipal de Freirina se reuni\u00f3 bajo videoconferencia con el Director del Servicio Local SLEP del Huasco &#8211; Javier Obanos y el profesional Rodrigo Soto, para informarse de las condiciones respecto de un posible retorno a clases en el mes de mayo, en medio de la emergencia sanitaria que vive el pa\u00eds.<\/p>\n\n\n\n<p>La actividad, encabezada por el Alcalde Cesar Orellana, permiti\u00f3 aclarar dudas e inquietudes por parte de los Concejales Patricio Monardes, Jenny Tamblay, Leopoldo Altamirano y Fernando Ruhl, quienes plantearon a las autoridades del SLEP, las preocupaciones que existen entorno al llamado a \u00abnormalizar\u00bb las clases en los colegios de la comuna.<\/p>\n\n\n\n<p>Al respecto la Concejala Jenny Tamblay indic\u00f3 que si bien la educaci\u00f3n en el territorio ya no es administrada por la Municipalidad, de igual forma existe una preocupaci\u00f3n por el bienestar de los ni\u00f1os, ni\u00f1as y j\u00f3venes de Freirina en etapa escolar, y que contar con las garant\u00edas para retomar las clases ante la emergencia sanitaria es un pilar fundamental a considerar.<\/p>\n\n\n\n<p>\u201cNo es una buena idea que los ni\u00f1os retornen a clases. Si bien como autoridades nos hemos encargado que ha nuestra comuna no llegue el virus, eso no significa que debamos volver a la normalidad\u201d sostuvo, indicando adem\u00e1s que la Junaeb no est\u00e1 entregando como corresponde las canastas comprometidas por la instituci\u00f3n.<\/p>\n\n\n\n<p class=\"has-text-align-center\"><strong>ENTREGA DE COMPUTADORES<\/strong><\/p>\n\n\n\n<p>La Concejala indic\u00f3 que desde el Servicio Local de Educaci\u00f3n se anunci\u00f3 la entrega de computadores para los alumnos de s\u00e9ptimo b\u00e1sico, proceso que este a\u00f1o se adelanta a ra\u00edz de la emergencia sanitaria y que permitir\u00eda llevar de mejor manera el proceso de educaci\u00f3n a distancia. Las becas de tecnolog\u00edas de la informaci\u00f3n y comunicaci\u00f3n TIC, que entregan un pc sin costo y con internet por once meses, podr\u00edan estar listas a mediados de esta semana, comenzando la entrega de manera paulatina entre abril y junio.<\/p>\n\n\n\n<p>Tamblay indic\u00f3 que en la reuni\u00f3n los concejales manifestaron su preocupaci\u00f3n por los ni\u00f1os y ni\u00f1as en educaci\u00f3n pre-escolar, aquellos que asisten a jardines infantiles y salas cuna, \u201ces muy dif\u00edcil tener a un ni\u00f1os con mascarilla, nos cuesta a nosotros los adultos, por lo tanto es muy dif\u00edcil que los ni\u00f1os puedan usarla. La consulta que tambi\u00e9n hicimos si es que el Servicio Local va a implementar a los colegios con mascarillas y alcohol gel. El Gobierno ha implementado decretos que la mascarilla debe ser de uso obligatorio, por lo tanto nosotros no hemos recibido ning\u00fan tipo de recursos para comprar mascarillas\u201d, coment\u00f3.<\/p>\n","protected":false},"excerpt":{"rendered":"<p>Comisi\u00f3n de Educaci\u00f3n del Concejo Municipal de Freirina plante\u00f3 al Director del Slep de Huasco preocupaciones entorno a la vuelta de clases anunciada para mayo&hellip; <\/p>\n","protected":false},"author":2,"featured_media":0,"comment_status":"open","ping_status":"closed","sticky":false,"template":"","format":"standard","meta":{"footnotes":""},"categories":[3],"tags":[],"class_list":["post-23397","post","type-post","status-publish","format-standard","hentry","category-freirina"],"_links":{"self":[{"href":"https:\/\/www.radioamigavallenar.cl\/index.php?rest_route=\/wp\/v2\/posts\/23397","targetHints":{"allow":["GET"]}}],"collection":[{"href":"https:\/\/www.radioamigavallenar.cl\/index.php?rest_route=\/wp\/v2\/posts"}],"about":[{"href":"https:\/\/www.radioamigavallenar.cl\/index.php?rest_route=\/wp\/v2\/types\/post"}],"author":[{"embeddable":true,"href":"https:\/\/www.radioamigavallenar.cl\/index.php?rest_route=\/wp\/v2\/users\/2"}],"replies":[{"embeddable":true,"href":"https:\/\/www.radioamigavallenar.cl\/index.php?rest_route=%2Fwp%2Fv2%2Fcomments&post=23397"}],"version-history":[{"count":0,"href":"https:\/\/www.radioamigavallenar.cl\/index.php?rest_route=\/wp\/v2\/posts\/23397\/revisions"}],"wp:attachment":[{"href":"https:\/\/www.radioamigavallenar.cl\/index.php?rest_route=%2Fwp%2Fv2%2Fmedia&parent=23397"}],"wp:term":[{"taxonomy":"category","embeddable":true,"href":"https:\/\/www.radioamigavallenar.cl\/index.php?rest_route=%2Fwp%2Fv2%2Fcategories&post=23397"},{"taxonomy":"post_tag","embeddable":true,"href":"https:\/\/www.radioamigavallenar.cl\/index.php?rest_route=%2Fwp%2Fv2%2Ftags&post=23397"}],"curies":[{"name":"wp","href":"https:\/\/api.w.org\/{rel}","templated":true}]}}