{"id":23394,"date":"2020-04-21T07:22:36","date_gmt":"2020-04-21T11:22:36","guid":{"rendered":"https:\/\/www.radioamigavallenar.cl\/?p=23394"},"modified":"2020-04-21T07:22:37","modified_gmt":"2020-04-21T11:22:37","slug":"seremi-de-mineria-visito-candelaria-para-verificar-en-terreno-implementacion-de-medidas-preventivas-por-covid-19","status":"publish","type":"post","link":"https:\/\/www.radioamigavallenar.cl\/?p=23394","title":{"rendered":"Seremi de miner\u00eda visit\u00f3 Candelaria para verificar en terreno implementaci\u00f3n de medidas preventivas por COVID-19"},"content":{"rendered":"\n<div class=\"wp-block-image\"><figure class=\"aligncenter size-large\"><img decoding=\"async\" src=\"https:\/\/www.radioamigavallenar.cl\/wp-content\/uploads\/2020\/04\/Visita-Seremi-Mineri\u0301a-02-1024x683-1.jpg\" alt=\"\" class=\"wp-image-23395\"\/><\/figure><\/div>\n\n\n\n<p>Una visita a las instalaciones de minera Candelaria realiz\u00f3 el Secretario Regional Ministerial de Miner\u00eda de Atacama, Cristian Alvayai, con el objetivo de verificar en terrero la implementaci\u00f3n de medidas sanitarias para proteger la salud y seguridad de los trabajadores en el contexto de la pandemia de COVID-19.<\/p>\n\n\n\n<p>Acompa\u00f1ado por ejecutivos de la compa\u00f1\u00eda, la autoridad regional recorri\u00f3 dependencias de las operaciones subterr\u00e1neas, ocasi\u00f3n en la que convers\u00f3 con algunos trabajadores y constat\u00f3 las medidas preventivas que ha adoptado minera Candelaria, tales como controles de temperatura antes de ingresar a las operaciones y generaci\u00f3n del formulario \u201cPermiso de Salud para Trabajar en el Distrito Candelaria\u201d, aplicables a todos los trabajadores propios y de empresas contratistas.<\/p>\n\n\n\n<p>A estas medidas se suma la implementaci\u00f3n de la modalidad de teletrabajo y aislamiento preventivo para trabajadores en grupos de riesgo por edad, enfermedades prexistentes, embarazo, etc.; sanitizaci\u00f3n diaria de buses y furgones de transporte de pasajeros y uso de dos asientos por persona en su interior; implementaci\u00f3n de un protocolo de sanitizaci\u00f3n de instalaciones y equipos, reforzamiento de la limpieza y sanitizaci\u00f3n en todas las \u00e1reas e instalaci\u00f3n de contenedores de alcohol gel en zonas de mayor afluencia de personas; ampliaci\u00f3n del horario de almuerzo, reducci\u00f3n del n\u00famero de sillas en los comedores e implementaci\u00f3n de colaci\u00f3n fr\u00eda para evitar aglomeraciones, entre muchas otras.<\/p>\n\n\n\n<p>Respecto de esta visita, el Seremi Cristian Alvayai indic\u00f3 que se enmarca \u201cen una campa\u00f1a que estamos realizando a nivel regional en conjunto con Sernageomin, para chequear c\u00f3mo se est\u00e1n implementando las medidas que ha dispuesto la autoridad sanitaria en la regi\u00f3n para prevenir el coronavirus. Ese es el foco fundamental, que tiene que ver c\u00f3mo nosotros resguardamos la salud de los trabajadores y eso nos da tambi\u00e9n dentro de la regi\u00f3n la licencia para operar. Esto es clave porque nosotros tenemos, primero, controles que est\u00e1n dise\u00f1ados para hacer labores preventivas antes de que los trabajadores ingresen a las faenas, mediante chequeo de salud y tambi\u00e9n tenemos barreras que est\u00e1n implementadas dentro de las compa\u00f1\u00edas\u201d.<\/p>\n\n\n\n<p>Con relaci\u00f3n al nivel de cumplimiento de estas disposiciones en Candelaria, la autoridad regional indic\u00f3 que \u201chemos constatado que respecto de los protocolos y la implementaci\u00f3n de los protocolos que ha pedido la autoridad de salud, esto s\u00ed se cumple en la empresa. Tambi\u00e9n hay otro aspecto que tiene que ver con el liderazgo y c\u00f3mo se est\u00e1 llevando a cabo esta actividad. Esto es fundamental porque son las personas las que transmiten cu\u00e1les son los mejores h\u00e1bitos de sanitizaci\u00f3n, cu\u00e1les son las mejores conductas que tenemos que tener, como por ejemplo realizar una correcta higiene dentro de la faena y tambi\u00e9n respetar el distanciamiento entre las personas. Entonces, yo dir\u00eda que todos estos aspectos que son fundamentales y que hemos visto dentro esta visita, se est\u00e1n cumpliendo\u201d.<\/p>\n\n\n\n<p>Al finalizar, el seremi valor\u00f3 la visita a Candelaria, reafirmando el llamado a todas las empresas mineras de la regi\u00f3n a seguir las instrucciones de las autoridades nacionales y regionales y a implementar todas las medidas necesarias para cuidar la seguridad y salud de sus trabajadores.<\/p>\n","protected":false},"excerpt":{"rendered":"<p>Una visita a las instalaciones de minera Candelaria realiz\u00f3 el Secretario Regional Ministerial de Miner\u00eda de Atacama, Cristian Alvayai, con el objetivo de verificar en&hellip; <\/p>\n","protected":false},"author":2,"featured_media":0,"comment_status":"open","ping_status":"closed","sticky":false,"template":"","format":"standard","meta":{"footnotes":""},"categories":[7,34],"tags":[],"class_list":["post-23394","post","type-post","status-publish","format-standard","hentry","category-atacama","category-mineria"],"_links":{"self":[{"href":"https:\/\/www.radioamigavallenar.cl\/index.php?rest_route=\/wp\/v2\/posts\/23394","targetHints":{"allow":["GET"]}}],"collection":[{"href":"https:\/\/www.radioamigavallenar.cl\/index.php?rest_route=\/wp\/v2\/posts"}],"about":[{"href":"https:\/\/www.radioamigavallenar.cl\/index.php?rest_route=\/wp\/v2\/types\/post"}],"author":[{"embeddable":true,"href":"https:\/\/www.radioamigavallenar.cl\/index.php?rest_route=\/wp\/v2\/users\/2"}],"replies":[{"embeddable":true,"href":"https:\/\/www.radioamigavallenar.cl\/index.php?rest_route=%2Fwp%2Fv2%2Fcomments&post=23394"}],"version-history":[{"count":0,"href":"https:\/\/www.radioamigavallenar.cl\/index.php?rest_route=\/wp\/v2\/posts\/23394\/revisions"}],"wp:attachment":[{"href":"https:\/\/www.radioamigavallenar.cl\/index.php?rest_route=%2Fwp%2Fv2%2Fmedia&parent=23394"}],"wp:term":[{"taxonomy":"category","embeddable":true,"href":"https:\/\/www.radioamigavallenar.cl\/index.php?rest_route=%2Fwp%2Fv2%2Fcategories&post=23394"},{"taxonomy":"post_tag","embeddable":true,"href":"https:\/\/www.radioamigavallenar.cl\/index.php?rest_route=%2Fwp%2Fv2%2Ftags&post=23394"}],"curies":[{"name":"wp","href":"https:\/\/api.w.org\/{rel}","templated":true}]}}