{"id":23122,"date":"2020-04-13T10:50:17","date_gmt":"2020-04-13T14:50:17","guid":{"rendered":"https:\/\/www.radioamigavallenar.cl\/?p=23122"},"modified":"2020-04-13T10:50:18","modified_gmt":"2020-04-13T14:50:18","slug":"el-pais-registra-7-525-casos-positivos-y-82-muertos-por-coronavirus","status":"publish","type":"post","link":"https:\/\/www.radioamigavallenar.cl\/?p=23122","title":{"rendered":"El pa\u00eds registra 7.525 casos positivos y 82 muertos por coronavirus"},"content":{"rendered":"\n<div class=\"wp-block-image\"><figure class=\"aligncenter size-large\"><img loading=\"lazy\" decoding=\"async\" width=\"800\" height=\"450\" src=\"https:\/\/www.radioamigavallenar.cl\/wp-content\/uploads\/2020\/04\/coronavirus-4-800x450-1.jpg\" alt=\"\" class=\"wp-image-22925\" srcset=\"https:\/\/www.radioamigavallenar.cl\/wp-content\/uploads\/2020\/04\/coronavirus-4-800x450-1.jpg 800w, https:\/\/www.radioamigavallenar.cl\/wp-content\/uploads\/2020\/04\/coronavirus-4-800x450-1-300x169.jpg 300w, https:\/\/www.radioamigavallenar.cl\/wp-content\/uploads\/2020\/04\/coronavirus-4-800x450-1-768x432.jpg 768w\" sizes=\"auto, (max-width: 800px) 100vw, 800px\" \/><\/figure><\/div>\n\n\n\n<p class=\"has-text-align-center\"><strong>El Gobierno inform\u00f3 312 nuevos casos a nivel nacional.<\/strong><\/p>\n\n\n\n<p>La\u00a0subsecretaria Paula Daza confirm\u00f3 312 nuevos casos de contagios por coronavirus, elevando la cifra total a 7.525 personas con Covid-19. El jefe de Estado detall\u00f3 que estamos entrando en la sexta semana de la pandemia en el pa\u00eds. Del total,\u00a02.377 han sido recuperados.<\/p>\n\n\n\n<p>\u00abVan a haber nuevas comunas que van a salir y otras que van a entrar en cuarentena. Eso se anunciar\u00e1 cada martes\u00bb, detall\u00f3 el ministro Ma\u00f1alich, quien aclar\u00f3 que\u00a0la cantidad de casos positivos nuevos\u00a0es el factor principal para determinar el confinamiento extremo, junto a la poblaci\u00f3n de riesgo y hogar de ancianos.<\/p>\n\n\n\n<p>La autoridad detall\u00f3, adem\u00e1s, que hubo dos personas fallecidas en este \u00faltimo balance, de la regi\u00f3n de Magallanes y la Metropolitana, ambos adultos mayores. El coronavirus ya ha cobrado la vida de 82 personas.<\/p>\n","protected":false},"excerpt":{"rendered":"<p>El Gobierno inform\u00f3 312 nuevos casos a nivel nacional. La\u00a0subsecretaria Paula Daza confirm\u00f3 312 nuevos casos de contagios por coronavirus, elevando la cifra total a&hellip; <\/p>\n","protected":false},"author":2,"featured_media":22925,"comment_status":"open","ping_status":"closed","sticky":false,"template":"","format":"standard","meta":{"footnotes":""},"categories":[37],"tags":[],"class_list":["post-23122","post","type-post","status-publish","format-standard","has-post-thumbnail","hentry","category-nacional"],"_links":{"self":[{"href":"https:\/\/www.radioamigavallenar.cl\/index.php?rest_route=\/wp\/v2\/posts\/23122","targetHints":{"allow":["GET"]}}],"collection":[{"href":"https:\/\/www.radioamigavallenar.cl\/index.php?rest_route=\/wp\/v2\/posts"}],"about":[{"href":"https:\/\/www.radioamigavallenar.cl\/index.php?rest_route=\/wp\/v2\/types\/post"}],"author":[{"embeddable":true,"href":"https:\/\/www.radioamigavallenar.cl\/index.php?rest_route=\/wp\/v2\/users\/2"}],"replies":[{"embeddable":true,"href":"https:\/\/www.radioamigavallenar.cl\/index.php?rest_route=%2Fwp%2Fv2%2Fcomments&post=23122"}],"version-history":[{"count":0,"href":"https:\/\/www.radioamigavallenar.cl\/index.php?rest_route=\/wp\/v2\/posts\/23122\/revisions"}],"wp:featuredmedia":[{"embeddable":true,"href":"https:\/\/www.radioamigavallenar.cl\/index.php?rest_route=\/wp\/v2\/media\/22925"}],"wp:attachment":[{"href":"https:\/\/www.radioamigavallenar.cl\/index.php?rest_route=%2Fwp%2Fv2%2Fmedia&parent=23122"}],"wp:term":[{"taxonomy":"category","embeddable":true,"href":"https:\/\/www.radioamigavallenar.cl\/index.php?rest_route=%2Fwp%2Fv2%2Fcategories&post=23122"},{"taxonomy":"post_tag","embeddable":true,"href":"https:\/\/www.radioamigavallenar.cl\/index.php?rest_route=%2Fwp%2Fv2%2Ftags&post=23122"}],"curies":[{"name":"wp","href":"https:\/\/api.w.org\/{rel}","templated":true}]}}