{"id":23116,"date":"2020-04-13T08:48:39","date_gmt":"2020-04-13T12:48:39","guid":{"rendered":"https:\/\/www.radioamigavallenar.cl\/?p=23116"},"modified":"2020-04-13T08:48:40","modified_gmt":"2020-04-13T12:48:40","slug":"universidades-avanzan-en-prototipos-de-ventiladores-mecanicos-para-su-fabricacion","status":"publish","type":"post","link":"https:\/\/www.radioamigavallenar.cl\/?p=23116","title":{"rendered":"Universidades avanzan en prototipos de ventiladores mec\u00e1nicos para su fabricaci\u00f3n"},"content":{"rendered":"\n<div class=\"wp-block-image\"><figure class=\"aligncenter size-large\"><img decoding=\"async\" src=\"https:\/\/www.radioamigavallenar.cl\/wp-content\/uploads\/2020\/04\/ventiladores-mecanicos-e1586781813275.jpg\" alt=\"\" class=\"wp-image-23117\"\/><\/figure><\/div>\n\n\n\n<p>Cerca de 14 equipos de la UC, la U. de Chile o la USACh, entre otras, desarrollan modelos de respiradores y esperan el visto bueno de la autoridad sanitaria.<\/p>\n\n\n\n<p>Al menos 14 grupos distintos de varias universidades chilenas trabajan en prototipos viables y seguros de ventiladores mec\u00e1nicos\u00a0que puedan, prontamente -al menos dos semanas-,\u00a0replicarse en serie industrialmente, para apoyar la lucha contra la pandemia del Covid-19 con miras el primer\u00a0<em>peak<\/em>\u00a0de contagios, que el Ministerio de Salud estima para\u00a0fines de abril o inicios de mayo.<\/p>\n\n\n\n<p>Varios de estos equipos de trabajo aunaron esfuerzos y formaron la\u00a0Coordinadora de Colaboraci\u00f3n para Ventiladores Mec\u00e1nicos\u00a0(CooV), apoyada por Desaf\u00edo Levantemos Chile, que les ha permitido trabajar m\u00e1s coordinadamente en sus proyectos y conseguir respaldo del sector empresarial.<\/p>\n\n\n\n<p>De acuerdo con\u00a0<em>El Mercurio<\/em>, en la\u00a0Universidad Cat\u00f3lica\u00a0hay un equipo liderado por el\u00a0ingeniero Felipe Lechuga que ya tiene cinco ventiladores fabricados\u00a0y el pasado jueves realizaron probaron uno con un pulm\u00f3n artificial.<\/p>\n\n\n\n<p>\u00abEste equipo (respirador) no est\u00e1 hecho con impresi\u00f3n 3D, tiene piezas de acero inoxidable. Hemos trabajado 18 horas sin parar\u00bb, cont\u00f3 Lechuga sobre el prototipo que trabajan con apoyo de especialistas del hospital cl\u00ednico de la instituci\u00f3n y en base a un modelo de una m\u00e1quina espa\u00f1ola que es utilizada en ese pa\u00eds.<\/p>\n\n\n\n<p>Adelant\u00f3 que\u00a0esta semana contar\u00e1n con una l\u00ednea de ensamblaje en el centro de innovaci\u00f3n de la universidad, donde -afirm\u00f3- est\u00e1n en condiciones de fabricar en serie, en tanto que lo \u00fanico que les faltar\u00eda es que\u00a0la autoridad sanitaria valide el prototipo\u00a0para comenzar la producci\u00f3n dentro de las pr\u00f3ximas dos semanas.<\/p>\n\n\n\n<h2 class=\"has-text-align-center wp-block-heading\"><strong>Los dos equipos de la U. de Chile<\/strong><\/h2>\n\n\n\n<p>En la\u00a0Universidad de Chile, a su vez, hay\u00a0dos equipos\u00a0paralelos: el primero es del \u00e1rea de ciencias,\u00a0liderado por el acad\u00e9mico Juan Carlos Letelier, quien trabaja en coordinaci\u00f3n con los centros de manufactura industrial de la FACh, el Ej\u00e9rcito y la Armada.<\/p>\n\n\n\n<p>El\u00a0otro grupo es encabezado por el vicedecano de Ingenier\u00eda, James McPhee, quien cuenta con el respaldo de la Facultad de Medicina, que trabaja\u00a0a partir de un dise\u00f1o liberado por el MIT,\u00a0que tambi\u00e9n es la base de prototipos de otros equipos.<\/p>\n\n\n\n<p>\u00abTenemos ya un prototipo que funciona y lo estamos sometiendo a varias pruebas. As\u00ed nos damos cuenta de lo que va bien y lo que necesitamos mejorar\u00bb, apunt\u00f3 McPhee, comentando que est\u00e1n en\u00a0conversaciones con la industria manufacturera, con la prioridad de tomar decisiones que permitan una fabricaci\u00f3n \u00abr\u00e1pida y masiva\u00bb;\u00a0esta semana, dice, podr\u00edan empezar a hablar de plazos de producci\u00f3n.<\/p>\n","protected":false},"excerpt":{"rendered":"<p>Cerca de 14 equipos de la UC, la U. de Chile o la USACh, entre otras, desarrollan modelos de respiradores y esperan el visto bueno&hellip; <\/p>\n","protected":false},"author":2,"featured_media":0,"comment_status":"open","ping_status":"closed","sticky":false,"template":"","format":"standard","meta":{"footnotes":""},"categories":[37],"tags":[],"class_list":["post-23116","post","type-post","status-publish","format-standard","hentry","category-nacional"],"_links":{"self":[{"href":"https:\/\/www.radioamigavallenar.cl\/index.php?rest_route=\/wp\/v2\/posts\/23116","targetHints":{"allow":["GET"]}}],"collection":[{"href":"https:\/\/www.radioamigavallenar.cl\/index.php?rest_route=\/wp\/v2\/posts"}],"about":[{"href":"https:\/\/www.radioamigavallenar.cl\/index.php?rest_route=\/wp\/v2\/types\/post"}],"author":[{"embeddable":true,"href":"https:\/\/www.radioamigavallenar.cl\/index.php?rest_route=\/wp\/v2\/users\/2"}],"replies":[{"embeddable":true,"href":"https:\/\/www.radioamigavallenar.cl\/index.php?rest_route=%2Fwp%2Fv2%2Fcomments&post=23116"}],"version-history":[{"count":0,"href":"https:\/\/www.radioamigavallenar.cl\/index.php?rest_route=\/wp\/v2\/posts\/23116\/revisions"}],"wp:attachment":[{"href":"https:\/\/www.radioamigavallenar.cl\/index.php?rest_route=%2Fwp%2Fv2%2Fmedia&parent=23116"}],"wp:term":[{"taxonomy":"category","embeddable":true,"href":"https:\/\/www.radioamigavallenar.cl\/index.php?rest_route=%2Fwp%2Fv2%2Fcategories&post=23116"},{"taxonomy":"post_tag","embeddable":true,"href":"https:\/\/www.radioamigavallenar.cl\/index.php?rest_route=%2Fwp%2Fv2%2Ftags&post=23116"}],"curies":[{"name":"wp","href":"https:\/\/api.w.org\/{rel}","templated":true}]}}