{"id":23111,"date":"2020-04-13T07:17:21","date_gmt":"2020-04-13T11:17:21","guid":{"rendered":"https:\/\/www.radioamigavallenar.cl\/?p=23111"},"modified":"2020-04-13T07:17:22","modified_gmt":"2020-04-13T11:17:22","slug":"senadora-provoste-por-fallo-de-corte-de-apelaciones-que-favorecio-a-violadores-de-dd-hh-en-semana-santa-esperamos-que-la-corte-suprema-pueda-restablecer-la-justicia","status":"publish","type":"post","link":"https:\/\/www.radioamigavallenar.cl\/?p=23111","title":{"rendered":"Senadora Provoste por fallo de Corte de Apelaciones que favoreci\u00f3 a violadores de DD.HH. en semana Santa: \u201cEsperamos que la Corte Suprema pueda restablecer la justicia\u201d"},"content":{"rendered":"\n<div class=\"wp-block-image\"><figure class=\"aligncenter size-large\"><img loading=\"lazy\" decoding=\"async\" width=\"900\" height=\"600\" src=\"https:\/\/www.radioamigavallenar.cl\/wp-content\/uploads\/2019\/10\/PROVOSTE_2019.jpg\" alt=\"\" class=\"wp-image-17603\" srcset=\"https:\/\/www.radioamigavallenar.cl\/wp-content\/uploads\/2019\/10\/PROVOSTE_2019.jpg 900w, https:\/\/www.radioamigavallenar.cl\/wp-content\/uploads\/2019\/10\/PROVOSTE_2019-300x200.jpg 300w, https:\/\/www.radioamigavallenar.cl\/wp-content\/uploads\/2019\/10\/PROVOSTE_2019-768x512.jpg 768w\" sizes=\"auto, (max-width: 900px) 100vw, 900px\" \/><\/figure><\/div>\n\n\n\n<p><strong>En el marco del fallo de la Corte de Apelaciones de Santiago que entreg\u00f3 beneficios a violadores de derechos humanos, la senadora Yasna Provoste expres\u00f3 su \u201csolidaridad con las familias de las v\u00edctimas de detenidos desaparecidos y de las agrupaciones de DD.HH., que han visto que un fallo surgido en las tinieblas en plena semana Santa ha permitido absolver y rebajar penas a violadores de derechos humanos\u201d.<\/strong><\/p>\n\n\n\n<p>Asimismo, la representante de Atacama afirm\u00f3 que esperan que \u201cla Corte Suprema pueda restablecer la justicia que tanto se requiere en esta y en otras materias\u201d.<\/p>\n\n\n\n<p>\u201cA pesar de la pandemia, nunca pasar\u00e1n inadvertidas decisiones que apuntan a dar impunidad como las que hemos visto en el reciente fallo de la Corte de Apelaciones\u201d enfatiz\u00f3 Yasna Provoste.<\/p>\n\n\n\n<p>Finalmente, la parlamentaria DC reiter\u00f3 su solidaridad con las v\u00edctimas y el compromiso con la b\u00fasqueda de verdad y justicia.<\/p>\n","protected":false},"excerpt":{"rendered":"<p>En el marco del fallo de la Corte de Apelaciones de Santiago que entreg\u00f3 beneficios a violadores de derechos humanos, la senadora Yasna Provoste expres\u00f3&hellip; <\/p>\n","protected":false},"author":2,"featured_media":17603,"comment_status":"open","ping_status":"closed","sticky":false,"template":"","format":"standard","meta":{"footnotes":""},"categories":[7,37],"tags":[],"class_list":["post-23111","post","type-post","status-publish","format-standard","has-post-thumbnail","hentry","category-atacama","category-nacional"],"_links":{"self":[{"href":"https:\/\/www.radioamigavallenar.cl\/index.php?rest_route=\/wp\/v2\/posts\/23111","targetHints":{"allow":["GET"]}}],"collection":[{"href":"https:\/\/www.radioamigavallenar.cl\/index.php?rest_route=\/wp\/v2\/posts"}],"about":[{"href":"https:\/\/www.radioamigavallenar.cl\/index.php?rest_route=\/wp\/v2\/types\/post"}],"author":[{"embeddable":true,"href":"https:\/\/www.radioamigavallenar.cl\/index.php?rest_route=\/wp\/v2\/users\/2"}],"replies":[{"embeddable":true,"href":"https:\/\/www.radioamigavallenar.cl\/index.php?rest_route=%2Fwp%2Fv2%2Fcomments&post=23111"}],"version-history":[{"count":0,"href":"https:\/\/www.radioamigavallenar.cl\/index.php?rest_route=\/wp\/v2\/posts\/23111\/revisions"}],"wp:featuredmedia":[{"embeddable":true,"href":"https:\/\/www.radioamigavallenar.cl\/index.php?rest_route=\/wp\/v2\/media\/17603"}],"wp:attachment":[{"href":"https:\/\/www.radioamigavallenar.cl\/index.php?rest_route=%2Fwp%2Fv2%2Fmedia&parent=23111"}],"wp:term":[{"taxonomy":"category","embeddable":true,"href":"https:\/\/www.radioamigavallenar.cl\/index.php?rest_route=%2Fwp%2Fv2%2Fcategories&post=23111"},{"taxonomy":"post_tag","embeddable":true,"href":"https:\/\/www.radioamigavallenar.cl\/index.php?rest_route=%2Fwp%2Fv2%2Ftags&post=23111"}],"curies":[{"name":"wp","href":"https:\/\/api.w.org\/{rel}","templated":true}]}}