{"id":23108,"date":"2020-04-13T07:14:24","date_gmt":"2020-04-13T11:14:24","guid":{"rendered":"https:\/\/www.radioamigavallenar.cl\/?p=23108"},"modified":"2020-04-13T07:14:25","modified_gmt":"2020-04-13T11:14:25","slug":"en-mallplaza-sera-obligatorio-el-uso-de-mascarillas-para-ingresar-a-sus-centros-comerciales","status":"publish","type":"post","link":"https:\/\/www.radioamigavallenar.cl\/?p=23108","title":{"rendered":"En Mallplaza ser\u00e1 obligatorio el uso de mascarillas para ingresar a sus centros comerciales"},"content":{"rendered":"\n<div class=\"wp-block-image\"><figure class=\"aligncenter size-large\"><img decoding=\"async\" src=\"https:\/\/www.radioamigavallenar.cl\/wp-content\/uploads\/2020\/04\/Mallplaza-hace-obligatorio-el-uso-de-mascarillas.jpg\" alt=\"\" class=\"wp-image-23109\"\/><\/figure><\/div>\n\n\n\n<p><strong>La medida comenzar\u00e1 a regir desde hoy lunes 13 y se suma a una serie de acciones que buscan resguardar la salud de todos los trabajadores y visitantes, como la desinfecci\u00f3n permanente y el distanciamiento de un metro entre las personas.<\/strong><\/p>\n\n\n\n<p>Actualmente en Mallplaza se encuentran funcionando los supermercados, centros m\u00e9dicos, restoranes con servicio de delivery, farmacias y tiendas para el abastecimiento del hogar.<\/p>\n\n\n\n<p>Mallplaza se suma a las medidas de prevenci\u00f3n implementadas por la autoridad y a partir de hoy lunes 13, todas las personas que ingresen a sus centros comerciales deber\u00e1n usar mascarillas.<\/p>\n\n\n\n<p>La iniciativa forma parte del protocolo de prevenci\u00f3n elaborado por la compa\u00f1\u00eda, con el fin de reforzar las medidas de sanitizaci\u00f3n y resguardar la salud de trabajadores y visitantes que asisten a los locales abiertos como supermercados, centros m\u00e9dicos, restoranes con servicio de delivery, farmacias y tiendas para el abastecimiento del hogar.<\/p>\n\n\n\n<p>El uso obligatorio de mascarillas se suma as\u00ed a una serie de medidas que la compa\u00f1\u00eda ha ido implementando de manera progresiva desde que se declar\u00f3 pandemia por Covid-19, tales como la sanitizaci\u00f3n y desinfecci\u00f3n diaria en \u00e1reas de mayor uso por parte de las personas, el control de temperatura a trabajadores externos e internos cuando ingresan al centro comercial y la disponibilidad de alcohol gel en distintos puntos de circulaci\u00f3n de p\u00fablico. Adem\u00e1s, se implement\u00f3 el acceso preferencial a farmacias y supermercados para personas mayores de 60 a\u00f1os y embarazadas; fomentar el pago con tarjeta por sobre el uso de efectivo; y la indicaci\u00f3n del aforo m\u00e1ximo al interior de cada tienda, calculando el m\u00e1ximo de 1 persona cada 10m2 libres y el distanciamiento social de 1 metro en sector de cajas registradoras y mesones de atenci\u00f3n.<\/p>\n\n\n\n<p>&nbsp;\u201cNuestra principal preocupaci\u00f3n como compa\u00f1\u00eda es garantizar el resguardo de la salud de nuestros colaboradores y visitantes, junto con garantizar el abastecimiento de productos de primera necesidad y acceso a centros de salud. Es por ello, que le pedimos a todos nuestros visitantes que usen mascarillas cuando vengan a nuestros centros comerciales. Hoy es muy importante que nos cuidemos entre todos\u201d, afirm\u00f3 Mar\u00eda Irene Soto, gerente de Asuntos Corporativos de Mallplaza.<\/p>\n\n\n\n<p>Junto a estas medidas, Mallplaza ha reforzado el apoyo y acompa\u00f1amiento del emprendimiento local, es as\u00ed como en algunos de sus centros comerciales ya cuentan con emprendedores que est\u00e1n vendiendo mascarillas confeccionadas por ellos, con el prop\u00f3sito de facilitar el uso obligatorio.<\/p>\n","protected":false},"excerpt":{"rendered":"<p>La medida comenzar\u00e1 a regir desde hoy lunes 13 y se suma a una serie de acciones que buscan resguardar la salud de todos los&hellip; <\/p>\n","protected":false},"author":2,"featured_media":0,"comment_status":"open","ping_status":"closed","sticky":false,"template":"","format":"standard","meta":{"footnotes":""},"categories":[37],"tags":[],"class_list":["post-23108","post","type-post","status-publish","format-standard","hentry","category-nacional"],"_links":{"self":[{"href":"https:\/\/www.radioamigavallenar.cl\/index.php?rest_route=\/wp\/v2\/posts\/23108","targetHints":{"allow":["GET"]}}],"collection":[{"href":"https:\/\/www.radioamigavallenar.cl\/index.php?rest_route=\/wp\/v2\/posts"}],"about":[{"href":"https:\/\/www.radioamigavallenar.cl\/index.php?rest_route=\/wp\/v2\/types\/post"}],"author":[{"embeddable":true,"href":"https:\/\/www.radioamigavallenar.cl\/index.php?rest_route=\/wp\/v2\/users\/2"}],"replies":[{"embeddable":true,"href":"https:\/\/www.radioamigavallenar.cl\/index.php?rest_route=%2Fwp%2Fv2%2Fcomments&post=23108"}],"version-history":[{"count":0,"href":"https:\/\/www.radioamigavallenar.cl\/index.php?rest_route=\/wp\/v2\/posts\/23108\/revisions"}],"wp:attachment":[{"href":"https:\/\/www.radioamigavallenar.cl\/index.php?rest_route=%2Fwp%2Fv2%2Fmedia&parent=23108"}],"wp:term":[{"taxonomy":"category","embeddable":true,"href":"https:\/\/www.radioamigavallenar.cl\/index.php?rest_route=%2Fwp%2Fv2%2Fcategories&post=23108"},{"taxonomy":"post_tag","embeddable":true,"href":"https:\/\/www.radioamigavallenar.cl\/index.php?rest_route=%2Fwp%2Fv2%2Ftags&post=23108"}],"curies":[{"name":"wp","href":"https:\/\/api.w.org\/{rel}","templated":true}]}}