{"id":23105,"date":"2020-04-13T07:12:28","date_gmt":"2020-04-13T11:12:28","guid":{"rendered":"https:\/\/www.radioamigavallenar.cl\/?p=23105"},"modified":"2020-04-13T07:12:29","modified_gmt":"2020-04-13T11:12:29","slug":"seremi-de-mineria-confirma-en-terreno-medidas-de-cmp-frente-a-covid-19","status":"publish","type":"post","link":"https:\/\/www.radioamigavallenar.cl\/?p=23105","title":{"rendered":"Seremi de Miner\u00eda confirma en terreno medidas de CMP frente a COVID 19"},"content":{"rendered":"\n<div class=\"wp-block-image\"><figure class=\"aligncenter size-large\"><img decoding=\"async\" src=\"https:\/\/www.radioamigavallenar.cl\/wp-content\/uploads\/2020\/04\/Visita-Magnetita-Seremi-de-Mineria-Atacama.jpg\" alt=\"\" class=\"wp-image-23106\"\/><\/figure><\/div>\n\n\n\n<p><strong>La autoridad regional visito Planta Magnetita en Tierra Amarilla y Mina Cerro Negro Norte.<\/strong><\/p>\n\n\n\n<p>En el marco de la crisis sanitaria generada por el covid-19, el Seremi de Miner\u00eda de la regi\u00f3n de Atacama, Cristian Alvayai, visit\u00f3 Planta Magnetita y Mina Cerro Negro Norte para presenciar las medidas implementadas por Compa\u00f1\u00eda Minera del Pac\u00edfico (CMP). En las visitas la autoridad fue acompa\u00f1ada en una de la vistas por un equipo del Servicio Nacional de Geolog\u00eda y Miner\u00eda (Sernageomin).<\/p>\n\n\n\n<p>La autoridad, acompa\u00f1ada por el Subgerente de Operaciones Valle de Copiap\u00f3, Adolph Moller, realiz\u00f3 un recorrido por distintas \u00e1reas de las faenas, donde verific\u00f3 las acciones establecidas frente al coronavirus, en todas sus fases.<\/p>\n\n\n\n<p>Tras presenciar los esfuerzos por resguardar la salud de los trabajadores, colaboradores, sus familiares y la comunidad en general, Alvayai elogi\u00f3 el manejo de crisis de la compa\u00f1\u00eda y comprometi\u00f3 transmitir un positivo mensaje al ministro de la cartera, Baldo Prokurica.<\/p>\n\n\n\n<p>\u201cHemos visto que el distanciamiento social, la sanitizaci\u00f3n y las recomendaciones de higiene han sido implementadas exitosamente. Esperamos que estas medidas puedan ser transmitidas a las familias de los trabajadores, para as\u00ed seguir con los bajos contagios que tenemos actualmente\u201d, sostuvo el Seremi.<\/p>\n\n\n\n<p>Por su parte el Subgerente de Operaciones Valle de Copiap\u00f3, Adolph Moller, agreg\u00f3 que \u201cnuestros protocolos y medidas se han implementado por fases en todas las faenas de CMP desde antes de confirmado los casos en la regi\u00f3n de atacama. En la visita, adem\u00e1s de presentar al Seremi esos planes, visitamos lugares espec\u00edficos de faenas, en los cuales pudo confirmar en terreno nuestros estrictos controles, tanto para nuestros trabajadores y empresas colaboradoras desde antes de salir de sus casas, en las faenas mismas y hasta que regresan a sus hogares\u201d.<\/p>\n","protected":false},"excerpt":{"rendered":"<p>La autoridad regional visito Planta Magnetita en Tierra Amarilla y Mina Cerro Negro Norte. En el marco de la crisis sanitaria generada por el covid-19,&hellip; <\/p>\n","protected":false},"author":2,"featured_media":0,"comment_status":"open","ping_status":"closed","sticky":false,"template":"","format":"standard","meta":{"footnotes":""},"categories":[7,34],"tags":[],"class_list":["post-23105","post","type-post","status-publish","format-standard","hentry","category-atacama","category-mineria"],"_links":{"self":[{"href":"https:\/\/www.radioamigavallenar.cl\/index.php?rest_route=\/wp\/v2\/posts\/23105","targetHints":{"allow":["GET"]}}],"collection":[{"href":"https:\/\/www.radioamigavallenar.cl\/index.php?rest_route=\/wp\/v2\/posts"}],"about":[{"href":"https:\/\/www.radioamigavallenar.cl\/index.php?rest_route=\/wp\/v2\/types\/post"}],"author":[{"embeddable":true,"href":"https:\/\/www.radioamigavallenar.cl\/index.php?rest_route=\/wp\/v2\/users\/2"}],"replies":[{"embeddable":true,"href":"https:\/\/www.radioamigavallenar.cl\/index.php?rest_route=%2Fwp%2Fv2%2Fcomments&post=23105"}],"version-history":[{"count":0,"href":"https:\/\/www.radioamigavallenar.cl\/index.php?rest_route=\/wp\/v2\/posts\/23105\/revisions"}],"wp:attachment":[{"href":"https:\/\/www.radioamigavallenar.cl\/index.php?rest_route=%2Fwp%2Fv2%2Fmedia&parent=23105"}],"wp:term":[{"taxonomy":"category","embeddable":true,"href":"https:\/\/www.radioamigavallenar.cl\/index.php?rest_route=%2Fwp%2Fv2%2Fcategories&post=23105"},{"taxonomy":"post_tag","embeddable":true,"href":"https:\/\/www.radioamigavallenar.cl\/index.php?rest_route=%2Fwp%2Fv2%2Ftags&post=23105"}],"curies":[{"name":"wp","href":"https:\/\/api.w.org\/{rel}","templated":true}]}}