{"id":23102,"date":"2020-04-13T07:11:06","date_gmt":"2020-04-13T11:11:06","guid":{"rendered":"https:\/\/www.radioamigavallenar.cl\/?p=23102"},"modified":"2020-04-13T07:11:07","modified_gmt":"2020-04-13T11:11:07","slug":"servicio-de-salud-de-atacama-confirma-segundo-paciente-recuperado-de-covid-19-en-la-region","status":"publish","type":"post","link":"https:\/\/www.radioamigavallenar.cl\/?p=23102","title":{"rendered":"Servicio de salud de Atacama confirma segundo paciente recuperado de covid -19 en la regi\u00f3n"},"content":{"rendered":"\n<div class=\"wp-block-image\"><figure class=\"aligncenter size-large\"><img decoding=\"async\" src=\"https:\/\/www.radioamigavallenar.cl\/wp-content\/uploads\/2020\/04\/paciente.jpg\" alt=\"\" class=\"wp-image-23103\"\/><\/figure><\/div>\n\n\n\n<p><strong>Durante las \u00faltimas horas se confirm\u00f3 el segundo paciente recuperado de coronavirus en la regi\u00f3n. Se trata del primer caso diagnosticado en Atacama y que fue internado en el Hospital de Copiap\u00f3.&nbsp; Tras recibir su atenci\u00f3n respectiva por parte de los equipos cl\u00ednicos al interior del recinto asistencial, el paciente continu\u00f3 su tratamiento en Hospitalizaci\u00f3n Domiciliaria para finalmente recibir su alta m\u00e9dica tras resultar negativa su muestra de PCR.<\/strong><\/p>\n\n\n\n<p>Al respecto, el Director del Servicio de Salud, Claudio Baeza, detall\u00f3 que \u201cestamos muy contentos con este nuevo paciente recuperado. En estos tiempos, que han sido muy complejos, es muy alentador ver como nuestra Red Asistencial sigue respondiendo a trav\u00e9s de nuestras funcionarias y funcionarios y ya contamos con dos pacientes recuperados. Ellos seguir\u00e1n bajo nuestro seguimiento y en contacto con nuestros profesionales de Hospitalizaci\u00f3n Domiciliaria, quienes entregar\u00e1n toda la atenci\u00f3n, informaci\u00f3n e indicaciones que deben seguir cada uno de ellos\u201d, explic\u00f3 la autoridad de salud.<\/p>\n\n\n\n<p>Este nuevo paciente recuperado se suma al informado este s\u00e1bado 11 de abril por parte del Director del Servicio de Salud correspondiente al segundo caso confirmado de coronavirus en Atacama. \u201cNuestros dos primeros pacientes confirmados en la regi\u00f3n ya se encuentran recuperados. Ellos ahora deben seguir con su cuidado al interior de sus hogares porque deben continuar la recuperaci\u00f3n de su enfermedad respiratoria. Deben cumplir una serie de indicaciones como usar mascarillas, mantenerse en sus casas y nuestros equipos cl\u00ednicos continuar\u00e1n con el respectivo seguimiento a estas dos personas\u201d, indic\u00f3 Claudio Baeza.<\/p>\n\n\n\n<p>Este d\u00eda domingo 12 de abril el Servicio de Salud de Atacama indic\u00f3 que, por el momento, se mantienen los trece casos confirmados positivos de coronavirus en Atacama y reiter\u00f3 la importancia de cumplir con las medidas de prevenci\u00f3n. Principalmente el distanciamiento social y quedarse en los hogares, no salir, salvo en aquellas situaciones que sean estrictamente necesarias.<\/p>\n","protected":false},"excerpt":{"rendered":"<p>Durante las \u00faltimas horas se confirm\u00f3 el segundo paciente recuperado de coronavirus en la regi\u00f3n. Se trata del primer caso diagnosticado en Atacama y que&hellip; <\/p>\n","protected":false},"author":2,"featured_media":0,"comment_status":"open","ping_status":"closed","sticky":false,"template":"","format":"standard","meta":{"footnotes":""},"categories":[7],"tags":[],"class_list":["post-23102","post","type-post","status-publish","format-standard","hentry","category-atacama"],"_links":{"self":[{"href":"https:\/\/www.radioamigavallenar.cl\/index.php?rest_route=\/wp\/v2\/posts\/23102","targetHints":{"allow":["GET"]}}],"collection":[{"href":"https:\/\/www.radioamigavallenar.cl\/index.php?rest_route=\/wp\/v2\/posts"}],"about":[{"href":"https:\/\/www.radioamigavallenar.cl\/index.php?rest_route=\/wp\/v2\/types\/post"}],"author":[{"embeddable":true,"href":"https:\/\/www.radioamigavallenar.cl\/index.php?rest_route=\/wp\/v2\/users\/2"}],"replies":[{"embeddable":true,"href":"https:\/\/www.radioamigavallenar.cl\/index.php?rest_route=%2Fwp%2Fv2%2Fcomments&post=23102"}],"version-history":[{"count":0,"href":"https:\/\/www.radioamigavallenar.cl\/index.php?rest_route=\/wp\/v2\/posts\/23102\/revisions"}],"wp:attachment":[{"href":"https:\/\/www.radioamigavallenar.cl\/index.php?rest_route=%2Fwp%2Fv2%2Fmedia&parent=23102"}],"wp:term":[{"taxonomy":"category","embeddable":true,"href":"https:\/\/www.radioamigavallenar.cl\/index.php?rest_route=%2Fwp%2Fv2%2Fcategories&post=23102"},{"taxonomy":"post_tag","embeddable":true,"href":"https:\/\/www.radioamigavallenar.cl\/index.php?rest_route=%2Fwp%2Fv2%2Ftags&post=23102"}],"curies":[{"name":"wp","href":"https:\/\/api.w.org\/{rel}","templated":true}]}}