{"id":23085,"date":"2020-04-10T10:10:32","date_gmt":"2020-04-10T14:10:32","guid":{"rendered":"https:\/\/www.radioamigavallenar.cl\/?p=23085"},"modified":"2020-04-10T10:10:33","modified_gmt":"2020-04-10T14:10:33","slug":"senadora-provoste-y-diputada-cicardini-emplazan-al-ministro-de-mineria-para-que-activen-medidas-especiales-en-favor-del-sector-minero","status":"publish","type":"post","link":"https:\/\/www.radioamigavallenar.cl\/?p=23085","title":{"rendered":"Senadora Provoste y Diputada Cicardini emplazan al ministro de Miner\u00eda para que activen medidas especiales en favor del sector minero"},"content":{"rendered":"\n<div class=\"wp-block-image\"><figure class=\"aligncenter size-large\"><img decoding=\"async\" src=\"https:\/\/www.radioamigavallenar.cl\/wp-content\/uploads\/2020\/04\/60046e9e-1d66-4652-bea1-eb909bb6e9ae.jpg\" alt=\"\" class=\"wp-image-23086\"\/><\/figure><\/div>\n\n\n\n<p>Un llamado conjunto y urgente al Gobierno y especialmente al ministro de Miner\u00eda, Baldo Prokurica, realizaron la Senadora,\u00a0Yasna Provoste, y la diputada,\u00a0Daniella Cicardini, para que comprometan las gestiones necesarias e incorporen la capitalizaci\u00f3n de la Empresa Nacional de Miner\u00eda (ENAMI) como parte de las medidas del Plan Econ\u00f3mico de Emergencia del Ejecutivo por la pandemia del Covid-19.<\/p>\n\n\n\n<p>En esa l\u00ednea, ambas parlamentarias de Atacama coincidieron en calificar como \u201cpreocupante\u201d, el que hasta ahora ninguno de los anuncios responda de manera clara y adecuada a las&nbsp; particularidades de una labor que se\u00f1alaron como clave para la actividad econ\u00f3mica y el empleo en la zona.<\/p>\n\n\n\n<p>\u201cHemos escuchado ya dos paquetes econ\u00f3micos del gobierno del Presidente Pi\u00f1era para enfrentar los efectos sanitarios, y tambi\u00e9n desde otros \u00e1mbitos que han golpeado esta crisis, como por ejemplo la actividad minera. Sin embargo, en ninguno de estos paquete hemos escuchado lo que es necesario que hoy se implemente, que es la capitalizaci\u00f3n de Enami para activar un conjunto de medidas destinadas a paliar los efectos de esta emergencia sanitaria, que ha generado una baja en el precio del cobre, y que \u2013adem\u00e1s- ha disminuido la posibilidad financiera de los peque\u00f1os mineros de salir adelante\u201d, expres\u00f3 la senadora Yasna Provoste.<\/p>\n\n\n\n<p>Asimismo, la congresista puntualiz\u00f3 en que \u201ces necesario que Enami pueda disponer de la renegociaci\u00f3n de los cr\u00e9ditos por un periodo de 90 d\u00eda, que es el decreto que se ha establecido en esta alerta sanitaria; que establezca periodos de gracia; que \u2013adem\u00e1s- ponga a disposici\u00f3n una l\u00ednea de cr\u00e9dito a los peque\u00f1os mineros, en donde todos los poderes de compra adosada a las plantas de beneficio tambi\u00e9n fijen en costo cero el precio del \u00e1cido sulf\u00farico para entregas que superen el promedio de los tonelajes de los \u00faltimos meses\u201d.<\/p>\n\n\n\n<p>La representante por Atacama a\u00f1adi\u00f3 tambi\u00e9n que se requiere que el Gobierno se sensibilice en una actividad econ\u00f3mica que es tan importante en muchos territorios, particularmente en Atacama, \u201ccon el prop\u00f3sito de poder aumentar los recursos del Programa de Asistencia de la miner\u00eda artesanal, destinado a iniciativas de proyectos para pirquineros que realicen labores mineras\u201d.<\/p>\n\n\n\n<p>En esta misma l\u00ednea, Provoste indic\u00f3 que \u201ces necesario que el ministro de Miner\u00eda, que conoce la zona, establezca tambi\u00e9n como prioridad de este gobierno, las ayudas econ\u00f3micas que requiere el sector de la miner\u00eda en Atacama\u201d.<\/p>\n\n\n\n<p>Al respecto, la diputada Daniella Cicardini indic\u00f3 que \u201ces decepcionante ver que una actividad esencial para el empleo y las econom\u00edas locales de regiones mineras como Atacama, que concentra la mayor cantidad de faenas de la peque\u00f1a miner\u00eda del pa\u00eds, no ha merecido ni una sola l\u00ednea ni la m\u00e1s m\u00ednima menci\u00f3n ni protecci\u00f3n dentro de estos anuncios por etapas que tanto le gusta hacer al gobierno en momentos en los que lo que se pide es urgencia\u201d.<\/p>\n\n\n\n<p>La legisladora a\u00f1adi\u00f3 que \u201csi ya nos genera m\u00e1s dudas que certezas el plan del gobierno en materia de los trabajadores independientes, o en materia del uso de recursos y las reasignaciones; en el caso de los peque\u00f1os mineros se encuentran en una absoluta incertidumbre y angustia por el panorama que viven y que se les viene agravado por el Coronavirus. Est\u00e1n en un verdadero limbo en cuanto al respaldo que hoy m\u00e1s que nunca necesitan para poder subsistir como sector\u201d, subray\u00f3.<\/p>\n\n\n\n<p>Asimismo, la diputada Cicardini explic\u00f3 que \u201ces por eso que junto a la senadora Provoste, junto con pedir el reforzamiento de las medidas sanitarias de la miner\u00eda en General, estamos haciendo un llamado al gobierno, y especialmente al ministro de Miner\u00eda, que se adopten medidas urgentes en protecci\u00f3n de la peque\u00f1a Miner\u00eda y los peque\u00f1os mineros, y que esas medidas est\u00e9n a la altura del verdadero aporte que hacen y de la emergencia que hoy viven\u201d.<\/p>\n\n\n\n<p>\u201cY para nosotros esto pasa por la capitalizaci\u00f3n de Enami, y a partir de all\u00ed, por otras acciones como la suspensi\u00f3n de cobros e intereses, la entrega de subsidios y un real acceso a financiamiento por parte de los bancos que es algo con lo que hoy no cuentan\u201d, detall\u00f3.<\/p>\n\n\n\n<p>\u201cQuiero reiterar muy especialmente ese llamado al ministro Prokurica, de quien Atacama y los peque\u00f1os mineros esperan mucho m\u00e1s, y un mayor compromiso, porque parece que se ha olvidado de la precariedad y necesidades de ese sector, que \u00e9l conoce y conoci\u00f3 muy bien en sus tiempos como parlamentario\u201d, indic\u00f3.<\/p>\n","protected":false},"excerpt":{"rendered":"<p>Un llamado conjunto y urgente al Gobierno y especialmente al ministro de Miner\u00eda, Baldo Prokurica, realizaron la Senadora,\u00a0Yasna Provoste, y la diputada,\u00a0Daniella Cicardini, para que&hellip; <\/p>\n","protected":false},"author":2,"featured_media":0,"comment_status":"open","ping_status":"closed","sticky":false,"template":"","format":"standard","meta":{"footnotes":""},"categories":[7,34],"tags":[],"class_list":["post-23085","post","type-post","status-publish","format-standard","hentry","category-atacama","category-mineria"],"_links":{"self":[{"href":"https:\/\/www.radioamigavallenar.cl\/index.php?rest_route=\/wp\/v2\/posts\/23085","targetHints":{"allow":["GET"]}}],"collection":[{"href":"https:\/\/www.radioamigavallenar.cl\/index.php?rest_route=\/wp\/v2\/posts"}],"about":[{"href":"https:\/\/www.radioamigavallenar.cl\/index.php?rest_route=\/wp\/v2\/types\/post"}],"author":[{"embeddable":true,"href":"https:\/\/www.radioamigavallenar.cl\/index.php?rest_route=\/wp\/v2\/users\/2"}],"replies":[{"embeddable":true,"href":"https:\/\/www.radioamigavallenar.cl\/index.php?rest_route=%2Fwp%2Fv2%2Fcomments&post=23085"}],"version-history":[{"count":0,"href":"https:\/\/www.radioamigavallenar.cl\/index.php?rest_route=\/wp\/v2\/posts\/23085\/revisions"}],"wp:attachment":[{"href":"https:\/\/www.radioamigavallenar.cl\/index.php?rest_route=%2Fwp%2Fv2%2Fmedia&parent=23085"}],"wp:term":[{"taxonomy":"category","embeddable":true,"href":"https:\/\/www.radioamigavallenar.cl\/index.php?rest_route=%2Fwp%2Fv2%2Fcategories&post=23085"},{"taxonomy":"post_tag","embeddable":true,"href":"https:\/\/www.radioamigavallenar.cl\/index.php?rest_route=%2Fwp%2Fv2%2Ftags&post=23085"}],"curies":[{"name":"wp","href":"https:\/\/api.w.org\/{rel}","templated":true}]}}